{"id":12354,"date":"2025-01-20T12:31:54","date_gmt":"2025-01-20T08:31:54","guid":{"rendered":"https:\/\/keshikchidagh-heritage.az\/?p=12354"},"modified":"2025-03-06T12:36:01","modified_gmt":"2025-03-06T08:36:01","slug":"az%c9%99rbaycanin-must%c9%99qillik-tarixind%c9%99-huzn-v%c9%99-s%c9%99r%c9%99f-s%c9%99hif%c9%99si-olan-20-yanvar-faci%c9%99sind%c9%99n-35-il-otur","status":"publish","type":"post","link":"https:\/\/keshikchidagh-heritage.az\/ru_RU\/content\/12354","title":{"rendered":"Az\u0259rbaycan\u0131n m\u00fcst\u0259qillik tarixind\u0259 h\u00fczn v\u0259 \u015f\u0259r\u0259f s\u0259hif\u0259si olan 20 Yanvar faci\u0259sind\u0259n 35 il \u00f6t\u00fcr."},"content":{"rendered":"<p>Az\u0259rbaycan\u0131n m\u00fcst\u0259qillik tarixind\u0259 h\u00fczn v\u0259 \u015f\u0259r\u0259f s\u0259hif\u0259si olan 20 Yanvar faci\u0259sind\u0259n 35 il \u00f6t\u00fcr. Bu g\u00fcn Az\u0259rbaycan\u0131n suverenliyi v\u0259 azadl\u0131\u011f\u0131 u\u011frunda canlar\u0131n\u0131 f\u0259da ed\u0259nl\u0259rin xatir\u0259si b\u00f6y\u00fck ehtiramla yad edilir.&#8221;Ke\u015fik\u00e7ida\u011f&#8221; D\u00f6vl\u0259t tarix-m\u0259d\u0259niyy\u0259t qoru\u011funun r\u0259hb\u0259rliyi v\u0259 kollektivi A\u011fstafa rayon \u015e\u0259hidl\u0259r Xiyaban\u0131n\u0131 ziyar\u0259t etmi\u015f, \u00f6lk\u0259mizin m\u00fcst\u0259qilliyi u\u011frunda canlar\u0131n\u0131 f\u0259da etmi\u015f insanlar\u0131n ruhuna ehtiram \u0259lam\u0259ti olaraq t\u0259r q\u0259r\u0259nfill\u0259r d\u00fczm\u00fc\u015fl\u0259r.H\u0259m\u00e7inin &#8220;Ke\u015fik\u00e7ida\u011f&#8221;D\u00f6vl\u0259t tarix-m\u0259d\u0259niyy\u0259t qoru\u011funun \u0259razisind\u0259 yerl\u0259\u015f\u0259n &#8220;Badam ba\u011f\u0131&#8221;nda 20 Yanvar faci\u0259sind\u0259 \u015f\u0259hid olmu\u015f 147 n\u0259f\u0259r \u015f\u0259hidin say\u0131na uy\u011fun olaraq 147 \u0259d\u0259d badam tingi \u0259kilmi\u015fdir.<\/p>\n<div class=\"gallerify-container\"><div class=\"gallerify\" data-allowfullscreen=\"true\" data-nav=\"thumbs\" data-keyboard=\"true\"  data-autoplay=\"false\" data-trackpad=\"false\" data-ratio=\"800\/500\" data-width=\"96%\"><img src=\"https:\/\/keshikchidagh-heritage.az\/wp-content\/uploads\/2025\/03\/26.jpg\" width=\"2048\" height=\"1153\" alt=\"\" data-skip-lazy=\"\" \/>\n<img src=\"https:\/\/keshikchidagh-heritage.az\/wp-content\/uploads\/2025\/03\/27.jpg\" width=\"2048\" height=\"1153\" alt=\"\" data-skip-lazy=\"\" \/>\n<img src=\"https:\/\/keshikchidagh-heritage.az\/wp-content\/uploads\/2025\/03\/28.jpg\" width=\"1600\" height=\"900\" alt=\"\" data-skip-lazy=\"\" \/>\n<img src=\"https:\/\/keshikchidagh-heritage.az\/wp-content\/uploads\/2025\/03\/29.jpg\" width=\"1280\" height=\"576\" alt=\"\" data-skip-lazy=\"\" \/>\n<img src=\"https:\/\/keshikchidagh-heritage.az\/wp-content\/uploads\/2025\/03\/30.jpg\" width=\"1280\" height=\"576\" alt=\"\" data-skip-lazy=\"\" \/>\n<img src=\"https:\/\/keshikchidagh-heritage.az\/wp-content\/uploads\/2025\/03\/31.jpg\" width=\"1280\" height=\"576\" alt=\"\" data-skip-lazy=\"\" \/>\n<img src=\"https:\/\/keshikchidagh-heritage.az\/wp-content\/uploads\/2025\/03\/32.jpg\" width=\"1280\" height=\"576\" alt=\"\" data-skip-lazy=\"\" \/>\n<img src=\"https:\/\/keshikchidagh-heritage.az\/wp-content\/uploads\/2025\/03\/33.jpg\" width=\"1600\" height=\"900\" alt=\"\" data-skip-lazy=\"\" \/>\n<img src=\"https:\/\/keshikchidagh-heritage.az\/wp-content\/uploads\/2025\/03\/34.jpg\" width=\"1600\" height=\"900\" alt=\"\" data-skip-lazy=\"\" \/>\n<img src=\"https:\/\/keshikchidagh-heritage.az\/wp-content\/uploads\/2025\/03\/35.jpg\" width=\"1600\" height=\"900\" alt=\"\" data-skip-lazy=\"\" \/>\n<\/div><\/div>\n","protected":false},"excerpt":{"rendered":"<p>Az\u0259rbaycan\u0131n m\u00fcst\u0259qillik tarixind\u0259 h\u00fczn v\u0259 \u015f\u0259r\u0259f s\u0259hif\u0259si olan 20 Yanvar faci\u0259sind\u0259n 35 il \u00f6t\u00fcr. Bu g\u00fcn Az\u0259rbaycan\u0131n suverenliyi v\u0259 azadl\u0131\u011f\u0131 u\u011frunda canlar\u0131n\u0131 f\u0259da ed\u0259nl\u0259rin xatir\u0259si b\u00f6y\u00fck ehtiramla yad edilir.&#8221;Ke\u015fik\u00e7ida\u011f&#8221; D\u00f6vl\u0259t tarix-m\u0259d\u0259niyy\u0259t qor&#8230;<\/p>\n","protected":false},"author":1,"featured_media":12364,"comment_status":"closed","ping_status":"closed","sticky":false,"template":"","format":"standard","meta":[],"categories":[5],"tags":[],"_links":{"self":[{"href":"https:\/\/keshikchidagh-heritage.az\/ru_RU\/wp-json\/wp\/v2\/posts\/12354"}],"collection":[{"href":"https:\/\/keshikchidagh-heritage.az\/ru_RU\/wp-json\/wp\/v2\/posts"}],"about":[{"href":"https:\/\/keshikchidagh-heritage.az\/ru_RU\/wp-json\/wp\/v2\/types\/post"}],"author":[{"embeddable":true,"href":"https:\/\/keshikchidagh-heritage.az\/ru_RU\/wp-json\/wp\/v2\/users\/1"}],"replies":[{"embeddable":true,"href":"https:\/\/keshikchidagh-heritage.az\/ru_RU\/wp-json\/wp\/v2\/comments?post=12354"}],"version-history":[{"count":3,"href":"https:\/\/keshikchidagh-heritage.az\/ru_RU\/wp-json\/wp\/v2\/posts\/12354\/revisions"}],"predecessor-version":[{"id":12367,"href":"https:\/\/keshikchidagh-heritage.az\/ru_RU\/wp-json\/wp\/v2\/posts\/12354\/revisions\/12367"}],"wp:featuredmedia":[{"embeddable":true,"href":"https:\/\/keshikchidagh-heritage.az\/ru_RU\/wp-json\/wp\/v2\/media\/12364"}],"wp:attachment":[{"href":"https:\/\/keshikchidagh-heritage.az\/ru_RU\/wp-json\/wp\/v2\/media?parent=12354"}],"wp:term":[{"taxonomy":"category","embeddable":true,"href":"https:\/\/keshikchidagh-heritage.az\/ru_RU\/wp-json\/wp\/v2\/categories?post=12354"},{"taxonomy":"post_tag","embeddable":true,"href":"https:\/\/keshikchidagh-heritage.az\/ru_RU\/wp-json\/wp\/v2\/tags?post=12354"}],"curies":[{"name":"wp","href":"https:\/\/api.w.org\/{rel}","templated":true}]}}