{"id":10467,"date":"2023-11-07T16:20:35","date_gmt":"2023-11-07T12:20:35","guid":{"rendered":"https:\/\/keshikchidagh-heritage.az\/?p=10467"},"modified":"2023-11-17T16:32:25","modified_gmt":"2023-11-17T12:32:25","slug":"%d0%b2-%d1%81%d0%b2%d1%8f%d0%b7%d0%b8-%d1%81-%d0%b4%d0%bd%d0%b5%d0%bc-%d0%bf%d0%be%d0%b1%d0%b5%d0%b4%d1%8b-8-%d0%bd%d0%be%d1%8f%d0%b1%d1%80%d1%8f-%d0%b2-%d0%b3%d0%be%d1%81%d1%83%d0%b4","status":"publish","type":"post","link":"https:\/\/keshikchidagh-heritage.az\/en_US\/content\/10467","title":{"rendered":"8 Noyabr-\u201cZ\u0259f\u0259r g\u00fcn\u00fc\u201d il\u0259 \u0259laq\u0259dar  \u201cKe\u015fik\u00e7ida\u011f\u201d D\u00f6vl\u0259t tarix-m\u0259d\u0259niyy\u0259t qoru\u011fu t\u0259r\u0259find\u0259n  44 g\u00fcnl\u00fck V\u0259t\u0259n M\u00fcharib\u0259sind\u0259 yaralanm\u0131\u015f 20 n\u0259f\u0259r qazinin i\u015ftirak\u0131 il\u0259 t\u0259dbir ke\u00e7irilmi\u015fdir."},"content":{"rendered":"<p>II V\u0259t\u0259n m\u00fcharib\u0259si \u00f6z  birliyini v\u0259 g\u00fcc\u00fcn\u00fc n\u00fcmayi\u015f etdir\u0259n xalq\u0131m\u0131z\u0131n  qalibiyy\u0259ti  il\u0259 ba\u015fa \u00e7atd\u0131. 8 noyabr 2021-ci il tarixind\u0259 Az\u0259rbaycan xalq\u0131  30 ildir h\u0259sr\u0259tl\u0259  g\u00f6zl\u0259diyi b\u00f6y\u00fck  v\u0259 \u015fanl\u0131 q\u0259l\u0259b\u0259sini  qazand\u0131.   Az\u0259rbaycan Respublikas\u0131n\u0131n  Prezidenti c\u0259nab \u0130lham \u018fliyevin  \u201cAz\u0259rbaycan Respublikas\u0131nda Z\u0259f\u0259r G\u00fcn\u00fcn\u00fcn t\u0259sis edilm\u0259si haqq\u0131nda\u201d 2020-ci il 3 dekabr tarixli S\u0259r\u0259ncam\u0131na \u0259sas\u0259n V\u0259t\u0259n m\u00fcharib\u0259sind\u0259 misilsiz q\u0259l\u0259b\u0259nin \u0259b\u0259dil\u0259\u015fdirilm\u0259si m\u0259qs\u0259di il\u0259 \u00f6lk\u0259mizd\u0259  h\u0259r il 8 noyabr tarixinin  \u201cZ\u0259f\u0259r G\u00fcn\u00fc\u201d kimi qeyd edilm\u0259si q\u0259rara al\u0131nm\u0131\u015fd\u0131r.   Z\u0259f\u0259r g\u00fcn\u00fc &#8211;  bu tarixi g\u00fcn   m\u00fcz\u0259ff\u0259r Ali Ba\u015f Komandan c\u0259nab \u0130lham \u018fliyevin r\u0259hb\u0259rliyi il\u0259 r\u0259\u015fad\u0259tli Ordumuzun 44 g\u00fcn davam ed\u0259n \u201cD\u0259mir yumruq\u201d adl\u0131 h\u0259rbi \u0259m\u0259liyyat\u0131nda qazand\u0131\u011f\u0131 tarixi q\u0259l\u0259b\u0259nin t\u0259c\u0259ss\u00fcm\u00fcd\u00fcr.  \u0130ll\u0259rl\u0259  d\u00fc\u015fm\u0259n tapda\u011f\u0131nda qalan tarixi  torpaqlar\u0131m\u0131z\u0131n azadl\u0131\u011f\u0131 qovu\u015fdu\u011fu g\u00fcnd\u00fcr.<br \/>\n  8 Noyabr-\u201cZ\u0259f\u0259r g\u00fcn\u00fc\u201d il\u0259 \u0259laq\u0259dar  \u201cKe\u015fik\u00e7ida\u011f\u201d D\u00f6vl\u0259t tarix-m\u0259d\u0259niyy\u0259t qoru\u011fu t\u0259r\u0259find\u0259n  44 g\u00fcnl\u00fck V\u0259t\u0259n M\u00fcharib\u0259sind\u0259 yaralanm\u0131\u015f 20 n\u0259f\u0259r qazinin i\u015ftirak\u0131 il\u0259 t\u0259dbir ke\u00e7irilmi\u015fdir. T\u0259dbir  i\u015ftirak\u00e7\u0131lar\u0131  ilk \u00f6nc\u0259 Ke\u015fik\u00e7ida\u011f ma\u011faralar kompleksinin \u0259razisind\u0259 yerl\u0259\u015f\u0259n Ke\u015fik\u00e7ida\u011f Kurqanlar vadisind\u0259ki   kurqanlarla tan\u0131\u015f  olmu\u015flar.  Sonra qonaqlar qoru\u011fa m\u0259xsus informasiya m\u0259rk\u0259zind\u0259 \u0259traf\u0131nda Ali Ba\u015f Komandan\u0131n r\u0259hb\u0259rliyi alt\u0131nda Qaraba\u011fda \u015fanl\u0131 tarix yazaraq \u015f\u0259hid olanlar\u0131n xatir\u0259sin\u0259 sal\u0131nm\u0131\u015f \u201cBadam Ba\u011f\u0131\u201d il\u0259 tan\u0131\u015f olmu\u015flar. Daha sonra is\u0259  A\u011fstafa rayonundan olan  \u015f\u0259hidl\u0259rin \u0259ziz xatir\u0259sin\u0259 badam  tingl\u0259ri \u0259kilmi\u015fdir.<br \/>\n<div class=\"gallerify-container\"><div class=\"gallerify\" data-allowfullscreen=\"true\" data-nav=\"thumbs\" data-keyboard=\"true\"  data-autoplay=\"false\" data-trackpad=\"false\" data-ratio=\"800\/500\" data-width=\"96%\"><img src=\"https:\/\/keshikchidagh-heritage.az\/wp-content\/uploads\/2023\/11\/29-1.jpg\" width=\"1024\" height=\"768\" alt=\"\" data-skip-lazy=\"\" \/>\n<img src=\"https:\/\/keshikchidagh-heritage.az\/wp-content\/uploads\/2023\/11\/21-1.jpg\" width=\"1024\" height=\"611\" alt=\"\" data-skip-lazy=\"\" \/>\n<img src=\"https:\/\/keshikchidagh-heritage.az\/wp-content\/uploads\/2023\/11\/22-1.jpg\" width=\"1016\" height=\"866\" alt=\"\" data-skip-lazy=\"\" \/>\n<img src=\"https:\/\/keshikchidagh-heritage.az\/wp-content\/uploads\/2023\/11\/23-1.jpg\" width=\"1024\" height=\"768\" alt=\"\" data-skip-lazy=\"\" \/>\n<img src=\"https:\/\/keshikchidagh-heritage.az\/wp-content\/uploads\/2023\/11\/24-1.jpg\" width=\"1280\" height=\"590\" alt=\"\" data-skip-lazy=\"\" \/>\n<img src=\"https:\/\/keshikchidagh-heritage.az\/wp-content\/uploads\/2023\/11\/25-1.jpg\" width=\"1024\" height=\"768\" alt=\"\" data-skip-lazy=\"\" \/>\n<img src=\"https:\/\/keshikchidagh-heritage.az\/wp-content\/uploads\/2023\/11\/26-2.jpg\" width=\"1024\" height=\"768\" alt=\"\" data-skip-lazy=\"\" \/>\n<img src=\"https:\/\/keshikchidagh-heritage.az\/wp-content\/uploads\/2023\/11\/27.jpg\" width=\"1024\" height=\"768\" alt=\"\" data-skip-lazy=\"\" \/>\n<img src=\"https:\/\/keshikchidagh-heritage.az\/wp-content\/uploads\/2023\/11\/28-1.jpg\" width=\"1156\" height=\"867\" alt=\"\" data-skip-lazy=\"\" \/>\n<\/div><\/div><\/p>\n","protected":false},"excerpt":{"rendered":"<p>II V\u0259t\u0259n m\u00fcharib\u0259si \u00f6z birliyini v\u0259 g\u00fcc\u00fcn\u00fc n\u00fcmayi\u015f etdir\u0259n xalq\u0131m\u0131z\u0131n qalibiyy\u0259ti il\u0259 ba\u015fa \u00e7atd\u0131. 8 noyabr 2021-ci il tarixind\u0259 Az\u0259rbaycan xalq\u0131 30 ildir h\u0259sr\u0259tl\u0259 g\u00f6zl\u0259diyi<\/p>\n","protected":false},"author":1,"featured_media":10475,"comment_status":"closed","ping_status":"closed","sticky":false,"template":"","format":"standard","meta":[],"categories":[5],"tags":[],"_links":{"self":[{"href":"https:\/\/keshikchidagh-heritage.az\/en_US\/wp-json\/wp\/v2\/posts\/10467"}],"collection":[{"href":"https:\/\/keshikchidagh-heritage.az\/en_US\/wp-json\/wp\/v2\/posts"}],"about":[{"href":"https:\/\/keshikchidagh-heritage.az\/en_US\/wp-json\/wp\/v2\/types\/post"}],"author":[{"embeddable":true,"href":"https:\/\/keshikchidagh-heritage.az\/en_US\/wp-json\/wp\/v2\/users\/1"}],"replies":[{"embeddable":true,"href":"https:\/\/keshikchidagh-heritage.az\/en_US\/wp-json\/wp\/v2\/comments?post=10467"}],"version-history":[{"count":2,"href":"https:\/\/keshikchidagh-heritage.az\/en_US\/wp-json\/wp\/v2\/posts\/10467\/revisions"}],"predecessor-version":[{"id":10478,"href":"https:\/\/keshikchidagh-heritage.az\/en_US\/wp-json\/wp\/v2\/posts\/10467\/revisions\/10478"}],"wp:featuredmedia":[{"embeddable":true,"href":"https:\/\/keshikchidagh-heritage.az\/en_US\/wp-json\/wp\/v2\/media\/10475"}],"wp:attachment":[{"href":"https:\/\/keshikchidagh-heritage.az\/en_US\/wp-json\/wp\/v2\/media?parent=10467"}],"wp:term":[{"taxonomy":"category","embeddable":true,"href":"https:\/\/keshikchidagh-heritage.az\/en_US\/wp-json\/wp\/v2\/categories?post=10467"},{"taxonomy":"post_tag","embeddable":true,"href":"https:\/\/keshikchidagh-heritage.az\/en_US\/wp-json\/wp\/v2\/tags?post=10467"}],"curies":[{"name":"wp","href":"https:\/\/api.w.org\/{rel}","templated":true}]}}