{"id":9912,"date":"2023-07-08T15:51:06","date_gmt":"2023-07-08T11:51:06","guid":{"rendered":"https:\/\/keshikchidagh-heritage.az\/?p=9912"},"modified":"2023-07-11T16:03:58","modified_gmt":"2023-07-11T12:03:58","slug":"%d0%b2-%d1%81%d0%b5%d0%bb%d0%b5-%d0%b0%d1%88%d0%b0%d0%b3%d1%8b-%d0%ba%d0%b0%d1%81%d0%b0%d0%bc%d0%b0%d0%bd-%d0%b0%d0%b3%d1%81%d1%82%d0%b0%d1%84%d0%b8%d0%bd%d1%81%d0%ba%d0%be%d0%b3%d0%be-%d1%80%d0%b0","status":"publish","type":"post","link":"https:\/\/keshikchidagh-heritage.az\/az\/content\/9912","title":{"rendered":"A\u011fstafa rayonunun A\u015fa\u011f\u0131 K\u0259s\u0259m\u0259n k\u0259ndind\u0259 Xocal\u0131-G\u0259d\u0259b\u0259y m\u0259d\u0259niyy\u0259tin\u0259 aid edil\u0259n Tavat\u0259p\u0259 adl\u0131 q\u0259dim ya\u015fay\u0131\u015f yeri a\u015fkar edilmi\u015fdir."},"content":{"rendered":"<p> A\u011fstafa rayonunun A\u015fa\u011f\u0131 K\u0259s\u0259m\u0259n k\u0259ndind\u0259 Xocal\u0131-G\u0259d\u0259b\u0259y m\u0259d\u0259niyy\u0259tin\u0259 aid edil\u0259n Tavat\u0259p\u0259 adl\u0131 q\u0259dim ya\u015fay\u0131\u015f yeri a\u015fkar edilmi\u015fdir. &#8220;Ke\u015fik\u00e7ida\u011f&#8221; D\u00f6vl\u0259t tarix-m\u0259d\u0259niyy\u0259t qoru\u011funun kollektivi AMEA-n\u0131n Arxeologiya, Etnoqrafiya v\u0259 Antropologiya \u0130nstitunun dosenti, tarix \u00fczr\u0259 f\u0259ls\u0259f\u0259 doktoru B\u0259xtiyar C\u0259lilovun r\u0259hb\u0259rliyi il\u0259 apar\u0131lan qaz\u0131nt\u0131larla daha yax\u0131ndan tan\u0131\u015f olmaq m\u0259qs\u0259dil\u0259 \u0259raziy\u0259 s\u0259f\u0259r etmi\u015fl\u0259r. Qeyd ed\u0259k ki, qaz\u0131nt\u0131larda yerli m\u00fct\u0259x\u0259ssisl\u0259rl\u0259 birg\u0259  T\u00fcrkiy\u0259 v\u0259 \u0130taliyal\u0131 arxeoloqlar da f\u0259aliyy\u0259t g\u00f6st\u0259rir. Ya\u015fay\u0131\u015f yerind\u0259n arxeoloji qaz\u0131nt\u0131lar  zaman\u0131 \u00e7\u0131xar\u0131lan   son tunc-erk\u0259n d\u0259mir d\u00f6vr\u00fcn\u0259  xarakterik \u00e7iy k\u0259rpicd\u0259n v\u0259 \u00e7ay da\u015flar\u0131ndan in\u015fa edil\u0259n tikili qal\u0131qlar\u0131, t\u0259s\u0259rr\u00fcfat k\u00fcpl\u0259ri, quyular, m\u00fcxt\u0259lif saxs\u0131 qablar, da\u015f al\u0259tl\u0259r eram\u0131zdan \u0259vv\u0259l II minilliyin sonu I minilliy\u0259 aid edilir. Buradan tap\u0131lan \u0259\u015fyalar bel\u0259 dem\u0259y\u0259 \u0259sas verir ki, burada h\u0259yat t\u0259rzi y\u00fcks\u0259k s\u0259viyy\u0259d\u0259 inki\u015faf etmi\u015fdir.<br \/>\n<div class=\"gallerify-container\"><div class=\"gallerify\" data-allowfullscreen=\"true\" data-nav=\"thumbs\" data-keyboard=\"true\"  data-autoplay=\"false\" data-trackpad=\"false\" data-ratio=\"800\/500\" data-width=\"96%\"><img src=\"https:\/\/keshikchidagh-heritage.az\/wp-content\/uploads\/2023\/07\/53.jpg\" width=\"1074\" height=\"499\" alt=\"\" data-skip-lazy=\"\" \/>\n<img src=\"https:\/\/keshikchidagh-heritage.az\/wp-content\/uploads\/2023\/07\/48.jpg\" width=\"1080\" height=\"480\" alt=\"\" data-skip-lazy=\"\" \/>\n<img src=\"https:\/\/keshikchidagh-heritage.az\/wp-content\/uploads\/2023\/07\/49.jpg\" width=\"1080\" height=\"498\" alt=\"\" data-skip-lazy=\"\" \/>\n<img src=\"https:\/\/keshikchidagh-heritage.az\/wp-content\/uploads\/2023\/07\/50.jpg\" width=\"1080\" height=\"486\" alt=\"\" data-skip-lazy=\"\" \/>\n<img src=\"https:\/\/keshikchidagh-heritage.az\/wp-content\/uploads\/2023\/07\/51.jpg\" width=\"1080\" height=\"486\" alt=\"\" data-skip-lazy=\"\" \/>\n<img src=\"https:\/\/keshikchidagh-heritage.az\/wp-content\/uploads\/2023\/07\/52.jpg\" width=\"1080\" height=\"497\" alt=\"\" data-skip-lazy=\"\" \/>\n<\/div><\/div><\/p>\n","protected":false},"excerpt":{"rendered":"<p> A\u011fstafa rayonunun A\u015fa\u011f\u0131 K\u0259s\u0259m\u0259n k\u0259ndind\u0259 Xocal\u0131-G\u0259d\u0259b\u0259y m\u0259d\u0259niyy\u0259tin\u0259 aid edil\u0259n Tavat\u0259p\u0259 adl\u0131 q\u0259dim ya\u015fay\u0131\u015f yeri a\u015fkar edilmi\u015fdir. &#8220;Ke\u015fik\u00e7ida\u011f&#8221; D\u00f6vl\u0259t tarix-m\u0259d\u0259niyy\u0259t qoru\u011funun kollektivi AMEA-n\u0131n Arxeologiya, Etnoqrafiya v\u0259 Antropologiya \u0130nstitun&#8230;<\/p>\n","protected":false},"author":1,"featured_media":9914,"comment_status":"closed","ping_status":"closed","sticky":false,"template":"","format":"standard","meta":[],"categories":[5],"tags":[],"_links":{"self":[{"href":"https:\/\/keshikchidagh-heritage.az\/az\/wp-json\/wp\/v2\/posts\/9912"}],"collection":[{"href":"https:\/\/keshikchidagh-heritage.az\/az\/wp-json\/wp\/v2\/posts"}],"about":[{"href":"https:\/\/keshikchidagh-heritage.az\/az\/wp-json\/wp\/v2\/types\/post"}],"author":[{"embeddable":true,"href":"https:\/\/keshikchidagh-heritage.az\/az\/wp-json\/wp\/v2\/users\/1"}],"replies":[{"embeddable":true,"href":"https:\/\/keshikchidagh-heritage.az\/az\/wp-json\/wp\/v2\/comments?post=9912"}],"version-history":[{"count":6,"href":"https:\/\/keshikchidagh-heritage.az\/az\/wp-json\/wp\/v2\/posts\/9912\/revisions"}],"predecessor-version":[{"id":9924,"href":"https:\/\/keshikchidagh-heritage.az\/az\/wp-json\/wp\/v2\/posts\/9912\/revisions\/9924"}],"wp:featuredmedia":[{"embeddable":true,"href":"https:\/\/keshikchidagh-heritage.az\/az\/wp-json\/wp\/v2\/media\/9914"}],"wp:attachment":[{"href":"https:\/\/keshikchidagh-heritage.az\/az\/wp-json\/wp\/v2\/media?parent=9912"}],"wp:term":[{"taxonomy":"category","embeddable":true,"href":"https:\/\/keshikchidagh-heritage.az\/az\/wp-json\/wp\/v2\/categories?post=9912"},{"taxonomy":"post_tag","embeddable":true,"href":"https:\/\/keshikchidagh-heritage.az\/az\/wp-json\/wp\/v2\/tags?post=9912"}],"curies":[{"name":"wp","href":"https:\/\/api.w.org\/{rel}","templated":true}]}}