{"id":9265,"date":"2023-01-30T14:04:20","date_gmt":"2023-01-30T10:04:20","guid":{"rendered":"https:\/\/keshikchidagh-heritage.az\/?p=9265"},"modified":"2023-01-31T14:17:03","modified_gmt":"2023-01-31T10:17:03","slug":"b-%d0%b0%d0%b3%d1%81%d1%82%d0%b0%d1%84e-%d0%bf%d0%be%d0%b4-%d0%bd%d0%b0%d0%b7%d0%b2%d0%b0%d0%bd%d0%b8%d0%b5%d0%bc-%d0%b3%d0%b5%d0%b9%d0%b4%d0%b0%d1%80-%d0%b0%d0%bb%d0%b8%d0%b5%d0%b2-%d0%bb%d0%b8","status":"publish","type":"post","link":"https:\/\/keshikchidagh-heritage.az\/az\/content\/9265","title":{"rendered":"A\u011fstafada \u201cHeyd\u0259r \u018fliyev \u2013 \u018fsrin lideri\u201d N\u0259? Harada? N\u0259 zaman? adl\u0131 intellektual yar\u0131\u015f ke\u00e7irilib"},"content":{"rendered":"<p>28-29 yanvar 2023-c\u00fc  il tarixl\u0259rind\u0259 A\u011fstafa Rayon \u0130cra Hakimiyy\u0259ti, Tovuz-Qazax Regional T\u0259hsil \u0130dar\u0259sinin A\u011fstafa sektoru, \u201cA\u011fstafa G\u0259ncl\u0259r Evi\u201d Sosial Xidm\u0259t M\u00fc\u0259ss\u0259si v\u0259 \u201cKe\u015fik\u00e7ida\u011f\u201d D\u00f6vl\u0259t tarix-m\u0259d\u0259niyy\u0259t qoru\u011funun birg\u0259 t\u0259\u015fkilat\u00e7\u0131l\u0131\u011f\u0131 il\u0259 A\u011fstafa rayon \u00fcmumt\u0259hsil m\u00fc\u0259ssis\u0259l\u0259rinin g\u0259nc  tarix m\u00fc\u0259lliml\u0259ri aras\u0131nda \u201cHeyd\u0259r \u018fliyev \u2013 \u0259srin lideri\u201d  N\u0259? Harada? N\u0259 zaman? adl\u0131 intellektual yar\u0131\u015f ke\u00e7irilib. A\u011fstafa \u015f\u0259h\u0259r 3 n\u00f6mr\u0259li tam orta m\u0259kt\u0259bd\u0259 t\u0259\u015fkil olunmu\u015f intellektual oyunda 15 komanda i\u015ftirak edib. \u0130\u015ftirak\u00e7\u0131lar \u0259vv\u0259lc\u0259 \u201cKe\u015fik\u00e7ida\u011f\u201d D\u00f6vl\u0259t tarix-m\u0259d\u0259niyy\u0259t qoru\u011funda a\u015fkar olunmu\u015f maddi-m\u0259d\u0259niyy\u0259t n\u00fcmun\u0259l\u0259ri v\u0259 qoru\u011fa m\u0259xsus \u00e7ap m\u0259hsullar\u0131n\u0131n n\u00fcmayi\u015f olundu\u011fu s\u0259rgi il\u0259 tan\u0131\u015f olublar. \u00dc\u00e7 m\u0259rh\u0259l\u0259d\u0259n ibar\u0259t intellektual yar\u0131\u015fda \u00dcmummilli liderin h\u0259yat  v\u0259 f\u0259aliyy\u0259tini, irsini, o c\u00fcml\u0259d\u0259n b\u00f6lg\u0259nin tarixi abid\u0259l\u0259rini \u0259hat\u0259 ed\u0259n suallar s\u0259sl\u0259ndirilib. Sonda qalibl\u0259r m\u00fckafatland\u0131r\u0131l\u0131b. H\u0259m\u00e7inin yar\u0131\u015f i\u015ftirak\u00e7\u0131lar\u0131n\u0131n b\u00f6lg\u0259nin  tarixi abid\u0259l\u0259rin\u0259 ziyar\u0259ti t\u0259\u015fkil olunub.<br \/>\n<div class=\"gallerify-container\"><div class=\"gallerify\" data-allowfullscreen=\"true\" data-nav=\"thumbs\" data-keyboard=\"true\"  data-autoplay=\"false\" data-trackpad=\"false\" data-ratio=\"800\/500\" data-width=\"96%\"><img src=\"https:\/\/keshikchidagh-heritage.az\/wp-content\/uploads\/2023\/01\/41..jpg\" width=\"1080\" height=\"681\" alt=\"\" data-skip-lazy=\"\" \/>\n<img src=\"https:\/\/keshikchidagh-heritage.az\/wp-content\/uploads\/2023\/01\/39.jpg\" width=\"1080\" height=\"748\" alt=\"\" data-skip-lazy=\"\" \/>\n<img src=\"https:\/\/keshikchidagh-heritage.az\/wp-content\/uploads\/2023\/01\/40.jpg\" width=\"1080\" height=\"953\" alt=\"\" data-skip-lazy=\"\" \/>\n<\/div><\/div><\/p>\n","protected":false},"excerpt":{"rendered":"<p>28-29 yanvar 2023-c\u00fc  il tarixl\u0259rind\u0259 A\u011fstafa Rayon \u0130cra Hakimiyy\u0259ti, Tovuz-Qazax Regional T\u0259hsil \u0130dar\u0259sinin A\u011fstafa sektoru, \u201cA\u011fstafa G\u0259ncl\u0259r Evi\u201d Sosial Xidm\u0259t M\u00fc\u0259ss\u0259si v\u0259 \u201cKe\u015fik\u00e7ida\u011f\u201d D\u00f6vl\u0259t tarix-m\u0259d\u0259niyy\u0259t qoru\u011funun birg\u0259 t\u0259\u015fkilat\u00e7\u0131l\u0131\u011f\u0131 il\u0259 A\u011fst&#8230;<\/p>\n","protected":false},"author":1,"featured_media":9268,"comment_status":"closed","ping_status":"closed","sticky":false,"template":"","format":"standard","meta":[],"categories":[5],"tags":[],"_links":{"self":[{"href":"https:\/\/keshikchidagh-heritage.az\/az\/wp-json\/wp\/v2\/posts\/9265"}],"collection":[{"href":"https:\/\/keshikchidagh-heritage.az\/az\/wp-json\/wp\/v2\/posts"}],"about":[{"href":"https:\/\/keshikchidagh-heritage.az\/az\/wp-json\/wp\/v2\/types\/post"}],"author":[{"embeddable":true,"href":"https:\/\/keshikchidagh-heritage.az\/az\/wp-json\/wp\/v2\/users\/1"}],"replies":[{"embeddable":true,"href":"https:\/\/keshikchidagh-heritage.az\/az\/wp-json\/wp\/v2\/comments?post=9265"}],"version-history":[{"count":6,"href":"https:\/\/keshikchidagh-heritage.az\/az\/wp-json\/wp\/v2\/posts\/9265\/revisions"}],"predecessor-version":[{"id":9274,"href":"https:\/\/keshikchidagh-heritage.az\/az\/wp-json\/wp\/v2\/posts\/9265\/revisions\/9274"}],"wp:featuredmedia":[{"embeddable":true,"href":"https:\/\/keshikchidagh-heritage.az\/az\/wp-json\/wp\/v2\/media\/9268"}],"wp:attachment":[{"href":"https:\/\/keshikchidagh-heritage.az\/az\/wp-json\/wp\/v2\/media?parent=9265"}],"wp:term":[{"taxonomy":"category","embeddable":true,"href":"https:\/\/keshikchidagh-heritage.az\/az\/wp-json\/wp\/v2\/categories?post=9265"},{"taxonomy":"post_tag","embeddable":true,"href":"https:\/\/keshikchidagh-heritage.az\/az\/wp-json\/wp\/v2\/tags?post=9265"}],"curies":[{"name":"wp","href":"https:\/\/api.w.org\/{rel}","templated":true}]}}