{"id":8453,"date":"2022-11-17T11:11:00","date_gmt":"2022-11-17T07:11:00","guid":{"rendered":"https:\/\/keshikchidagh-heritage.az\/?p=8453"},"modified":"2022-11-18T12:16:03","modified_gmt":"2022-11-18T08:16:03","slug":"c%d0%b5%d0%b3%d0%be%d0%b4%d0%bd%d1%8f-%d0%b2-%d0%b0%d0%b4%d0%bc%d0%b8%d0%bd%d0%b8%d1%81%d1%82%d1%80%d0%b0%d1%82%d0%b8%d0%b2%d0%bd%d0%be%d0%bc-%d0%b7%d0%b4%d0%b0%d0%bd%d0%b8%d0%b8-%d0%b0%d0%b3%d1%81","status":"publish","type":"post","link":"https:\/\/keshikchidagh-heritage.az\/az\/content\/8453","title":{"rendered":"Bu g\u00fcn Yeni Az\u0259rbaycan Partiyas\u0131n\u0131n A\u011fstafa rayon t\u0259\u015fkilat\u0131n\u0131n inzibati binas\u0131nda  \"Ke\u015fik\u00e7ida\u011f\" D\u00f6vl\u0259t tarix m\u0259d\u0259niyy\u0259t qoru\u011fu  v\u0259 Yeni Az\u0259rbaycan Partiyas\u0131n\u0131n (YAP)  \u0259m\u0259kda\u015flar\u0131n\u0131n i\u015ftirak\u0131 il\u0259  partiyan\u0131n  yarad\u0131lmas\u0131n\u0131n 30-cu ild\u00f6n\u00fcm\u00fcn\u0259  h\u0259sr olunmu\u015f birg\u0259 t\u0259dbir ke\u00e7irilmi\u015fdir."},"content":{"rendered":"<p>Bu g\u00fcn Yeni Az\u0259rbaycan Partiyas\u0131n\u0131n A\u011fstafa rayon t\u0259\u015fkilat\u0131n\u0131n inzibati binas\u0131nda  &#8220;Ke\u015fik\u00e7ida\u011f&#8221; D\u00f6vl\u0259t tarix m\u0259d\u0259niyy\u0259t qoru\u011fu  v\u0259 Yeni Az\u0259rbaycan Partiyas\u0131n\u0131n (YAP)  \u0259m\u0259kda\u015flar\u0131n\u0131n i\u015ftirak\u0131 il\u0259  partiyan\u0131n  yarad\u0131lmas\u0131n\u0131n 30-cu ild\u00f6n\u00fcm\u00fcn\u0259  h\u0259sr olunmu\u015f birg\u0259 t\u0259dbir ke\u00e7irilmi\u015fdir. T\u0259dbird\u0259  &#8220;Ke\u015fik\u00e7ida\u011f&#8221; D\u00f6vl\u0259t tarix-m\u0259d\u0259niyy\u0259t qoru\u011funun direktoru, qoru\u011fun YAP \u0259razi partiya t\u0259\u015fkilat\u0131n\u0131n s\u0259dri Musa Mursaquliyev bildirib ki, Yeni Az\u0259rbaycan Partiyas\u0131n\u0131n yarad\u0131lmas\u0131  xalq\u0131m\u0131z\u0131n siyasi h\u0259yat\u0131nda b\u00f6y\u00fck \u0259h\u0259miyy\u0259t k\u0259sb ed\u0259n hadis\u0259l\u0259rd\u0259n biri olmu\u015f, \u00f6lk\u0259mizin milli maraqlar\u0131n\u0131 ifad\u0259 ed\u0259n apar\u0131c\u0131 amil\u0259 \u00e7evrilmi\u015fdir. Daha sonra  &#8220;Ke\u015fik\u00e7ida\u011f&#8221;D\u00f6vl\u0259t tarix-m\u0259d\u0259niyy\u0259t qoru\u011funun YAP \u0259razi partiya t\u0259\u015fkilat\u0131n\u0131n s\u0259dr m\u00fcavini H\u00fcseynova Fazil\u0259 Yeni Az\u0259rbaycan Partiyas\u0131n\u0131n t\u0259sis edilm\u0259sind\u0259n, Ulu \u00d6nd\u0259r Heyd\u0259r \u018fliyevin bu sah\u0259d\u0259 g\u00f6rd\u00fcy\u00fc i\u015fl\u0259rd\u0259n, \u00f6lk\u0259 prezidenti c\u0259nab \u0130lham \u018fliyevin apard\u0131\u011f\u0131 u\u011furlu siyas\u0259td\u0259n b\u0259hs etmi\u015fdir. YAP A\u011fstafa rayon t\u0259\u015fkilat\u0131n\u0131n m\u0259sl\u0259h\u0259t\u00e7isi Ta\u011f\u0131 \u0130mamverdiyev YAP-\u0131n yarad\u0131lmas\u0131n\u0131n 30 illiyi m\u00fcnasib\u0259til\u0259 partiya \u00fczvl\u0259rini t\u0259brik etmi\u015f v\u0259 f\u0259aliyy\u0259tl\u0259rind\u0259 u\u011furlar arzulam\u0131\u015fd\u0131r.<br \/>\n<div class=\"gallerify-container\"><div class=\"gallerify\" data-allowfullscreen=\"true\" data-nav=\"thumbs\" data-keyboard=\"true\"  data-autoplay=\"false\" data-trackpad=\"false\" data-ratio=\"800\/500\" data-width=\"96%\"><img src=\"https:\/\/keshikchidagh-heritage.az\/wp-content\/uploads\/2022\/11\/131.jpg\" width=\"2048\" height=\"1152\" alt=\"\" data-skip-lazy=\"\" \/>\n<img src=\"https:\/\/keshikchidagh-heritage.az\/wp-content\/uploads\/2022\/11\/132.jpg\" width=\"2048\" height=\"1152\" alt=\"\" data-skip-lazy=\"\" \/>\n<img src=\"https:\/\/keshikchidagh-heritage.az\/wp-content\/uploads\/2022\/11\/133.jpg\" width=\"2048\" height=\"1152\" alt=\"\" data-skip-lazy=\"\" \/>\n<img src=\"https:\/\/keshikchidagh-heritage.az\/wp-content\/uploads\/2022\/11\/130.jpg\" width=\"1212\" height=\"499\" alt=\"\" data-skip-lazy=\"\" \/>\n<\/div><\/div><\/p>\n","protected":false},"excerpt":{"rendered":"<p>Bu g\u00fcn Yeni Az\u0259rbaycan Partiyas\u0131n\u0131n A\u011fstafa rayon t\u0259\u015fkilat\u0131n\u0131n inzibati binas\u0131nda  &#8220;Ke\u015fik\u00e7ida\u011f&#8221; D\u00f6vl\u0259t tarix m\u0259d\u0259niyy\u0259t qoru\u011fu  v\u0259 Yeni Az\u0259rbaycan Partiyas\u0131n\u0131n (YAP)  \u0259m\u0259kda\u015flar\u0131n\u0131n i\u015ftirak\u0131 il\u0259  partiyan\u0131n  yarad\u0131lmas\u0131n\u0131n 30-cu ild\u00f6n\u00fcm\u00fcn\u0259  h\u0259sr olun&#8230;<\/p>\n","protected":false},"author":1,"featured_media":8457,"comment_status":"closed","ping_status":"closed","sticky":false,"template":"","format":"standard","meta":[],"categories":[5],"tags":[],"_links":{"self":[{"href":"https:\/\/keshikchidagh-heritage.az\/az\/wp-json\/wp\/v2\/posts\/8453"}],"collection":[{"href":"https:\/\/keshikchidagh-heritage.az\/az\/wp-json\/wp\/v2\/posts"}],"about":[{"href":"https:\/\/keshikchidagh-heritage.az\/az\/wp-json\/wp\/v2\/types\/post"}],"author":[{"embeddable":true,"href":"https:\/\/keshikchidagh-heritage.az\/az\/wp-json\/wp\/v2\/users\/1"}],"replies":[{"embeddable":true,"href":"https:\/\/keshikchidagh-heritage.az\/az\/wp-json\/wp\/v2\/comments?post=8453"}],"version-history":[{"count":2,"href":"https:\/\/keshikchidagh-heritage.az\/az\/wp-json\/wp\/v2\/posts\/8453\/revisions"}],"predecessor-version":[{"id":8459,"href":"https:\/\/keshikchidagh-heritage.az\/az\/wp-json\/wp\/v2\/posts\/8453\/revisions\/8459"}],"wp:featuredmedia":[{"embeddable":true,"href":"https:\/\/keshikchidagh-heritage.az\/az\/wp-json\/wp\/v2\/media\/8457"}],"wp:attachment":[{"href":"https:\/\/keshikchidagh-heritage.az\/az\/wp-json\/wp\/v2\/media?parent=8453"}],"wp:term":[{"taxonomy":"category","embeddable":true,"href":"https:\/\/keshikchidagh-heritage.az\/az\/wp-json\/wp\/v2\/categories?post=8453"},{"taxonomy":"post_tag","embeddable":true,"href":"https:\/\/keshikchidagh-heritage.az\/az\/wp-json\/wp\/v2\/tags?post=8453"}],"curies":[{"name":"wp","href":"https:\/\/api.w.org\/{rel}","templated":true}]}}