{"id":757,"date":"2012-04-18T09:13:47","date_gmt":"2012-04-18T04:13:47","guid":{"rendered":"http:\/\/keshikchidaq.az\/?p=757"},"modified":"2017-12-05T09:15:55","modified_gmt":"2017-12-05T05:15:55","slug":"on-18-april-connected-with-the-international-day-for-monuments-and-sites-on-musa-musagulovs-initiative-the-director-of-the-keshikchidagh-state-historical","status":"publish","type":"post","link":"https:\/\/keshikchidagh-heritage.az\/az\/content\/757","title":{"rendered":"18 aprel \u201cBeyn\u0259lxalq Abid\u0259l\u0259r v\u0259 Tarixi Yerl\u0259r\u201d g\u00fcn\u00fc  m\u00fcnasib\u0259til\u0259 qoruq \u0259razisin\u0259 \u015fagirdl\u0259rin  burax\u0131l\u0131\u015f\u0131 m\u00fcmk\u00fcn olmad\u0131\u011f\u0131 \u00fc\u00e7\u00fcn \u201cA\u00e7\u0131q Qap\u0131 g\u00fcn\u00fc\u201dnd\u0259   qoruq \u0259m\u0259kda\u015flar\u0131  \u201c\u0130lham \u018fliyev ad\u0131na zirv\u0259\u201dd\u0259 abadl\u0131q i\u015fl\u0259ri aparm\u0131\u015f v\u0259 yeni tingl\u0259r \u0259kmi\u015fl\u0259r."},"content":{"rendered":"<p><strong>2012-c\u00fc il 18 aprel<\/strong> \u201cBeyn\u0259lxalq Abid\u0259l\u0259r v\u0259 Tarixi Yerl\u0259r\u201d g\u00fcn\u00fc\u00a0 m\u00fcnasib\u0259til\u0259 qoruq \u0259razisin\u0259 \u015fagirdl\u0259rin\u00a0 burax\u0131l\u0131\u015f\u0131 m\u00fcmk\u00fcn olmad\u0131\u011f\u0131 \u00fc\u00e7\u00fcn \u201cA\u00e7\u0131q Qap\u0131 g\u00fcn\u00fc\u201dnd\u0259\u00a0\u00a0 qoruq \u0259m\u0259kda\u015flar\u0131\u00a0 \u201c\u0130lham \u018fliyev ad\u0131na zirv\u0259\u201dd\u0259 abadl\u0131q i\u015fl\u0259ri aparm\u0131\u015f v\u0259 yeni tingl\u0259r \u0259kmi\u015fl\u0259r.<\/p>\n<div class=\"gallerify-container\"><div class=\"gallerify\" data-allowfullscreen=\"true\" data-nav=\"thumbs\" data-keyboard=\"true\"  data-autoplay=\"false\" data-trackpad=\"false\" data-ratio=\"800\/500\" data-width=\"96%\"><img src=\"https:\/\/keshikchidagh-heritage.az\/wp-content\/uploads\/2012\/04\/image001.jpg\" width=\"738\" height=\"554\" alt=\"\" data-skip-lazy=\"\" \/>\n<\/div><\/div>\n","protected":false},"excerpt":{"rendered":"<p><strong>2012-c\u00fc il 18 aprel<\/strong> \u201cBeyn\u0259lxalq Abid\u0259l\u0259r v\u0259 Tarixi Yerl\u0259r\u201d g\u00fcn\u00fc\u00a0 m\u00fcnasib\u0259til\u0259 qoruq \u0259razisin\u0259 \u015fagirdl\u0259rin\u00a0 burax\u0131l\u0131\u015f\u0131 m\u00fcmk\u00fcn olmad\u0131\u011f\u0131 \u00fc\u00e7\u00fcn \u201cA\u00e7\u0131q Qap\u0131 g\u00fcn\u00fc\u201dnd\u0259\u00a0\u00a0 qoruq \u0259m\u0259kda\u015flar\u0131\u00a0 \u201c\u0130lham \u018fliyev ad\u0131na zirv\u0259\u201dd\u0259 abadl\u0131q i\u015fl\u0259ri aparm\u0131\u015f v&#8230;<\/p>\n","protected":false},"author":1,"featured_media":760,"comment_status":"closed","ping_status":"open","sticky":false,"template":"","format":"standard","meta":[],"categories":[5],"tags":[],"_links":{"self":[{"href":"https:\/\/keshikchidagh-heritage.az\/az\/wp-json\/wp\/v2\/posts\/757"}],"collection":[{"href":"https:\/\/keshikchidagh-heritage.az\/az\/wp-json\/wp\/v2\/posts"}],"about":[{"href":"https:\/\/keshikchidagh-heritage.az\/az\/wp-json\/wp\/v2\/types\/post"}],"author":[{"embeddable":true,"href":"https:\/\/keshikchidagh-heritage.az\/az\/wp-json\/wp\/v2\/users\/1"}],"replies":[{"embeddable":true,"href":"https:\/\/keshikchidagh-heritage.az\/az\/wp-json\/wp\/v2\/comments?post=757"}],"version-history":[{"count":3,"href":"https:\/\/keshikchidagh-heritage.az\/az\/wp-json\/wp\/v2\/posts\/757\/revisions"}],"predecessor-version":[{"id":761,"href":"https:\/\/keshikchidagh-heritage.az\/az\/wp-json\/wp\/v2\/posts\/757\/revisions\/761"}],"wp:featuredmedia":[{"embeddable":true,"href":"https:\/\/keshikchidagh-heritage.az\/az\/wp-json\/wp\/v2\/media\/760"}],"wp:attachment":[{"href":"https:\/\/keshikchidagh-heritage.az\/az\/wp-json\/wp\/v2\/media?parent=757"}],"wp:term":[{"taxonomy":"category","embeddable":true,"href":"https:\/\/keshikchidagh-heritage.az\/az\/wp-json\/wp\/v2\/categories?post=757"},{"taxonomy":"post_tag","embeddable":true,"href":"https:\/\/keshikchidagh-heritage.az\/az\/wp-json\/wp\/v2\/tags?post=757"}],"curies":[{"name":"wp","href":"https:\/\/api.w.org\/{rel}","templated":true}]}}