{"id":7455,"date":"2022-09-23T16:24:35","date_gmt":"2022-09-23T12:24:35","guid":{"rendered":"https:\/\/keshikchidagh-heritage.az\/?p=7455"},"modified":"2022-09-23T16:25:09","modified_gmt":"2022-09-23T12:25:09","slug":"%d0%ba%d1%83%d0%bb%d1%8c%d1%82%d1%83%d1%80%d0%bd%d0%be%d0%b5-%d0%bd%d0%b0%d1%81%d0%bb%d0%b5%d0%b4%d0%b8%d0%b5-%d0%bd%d0%b0%d1%88%d0%b5%d0%b3%d0%be-%d0%ba%d1%80%d0%b0%d1%8f-%d0%ba%d1%80%d0%b5%d0%bf","status":"publish","type":"post","link":"https:\/\/keshikchidagh-heritage.az\/az\/content\/7455","title":{"rendered":"B\u00f6lg\u0259mizin m\u0259d\u0259ni irsi... Koro\u011flu qalas\u0131"},"content":{"rendered":"<div class=\"m8h3af8h l7ghb35v kjdc1dyq kmwttqpk gh25dzvf n3t5jt4f\">\n<div dir=\"auto\">B\u00f6lg\u0259mizin m\u0259d\u0259ni irsi&#8230;<\/div>\n<div dir=\"auto\">Koro\u011flu qalas\u0131<\/div>\n<div dir=\"auto\">\n<p>Yuxar\u0131 \u018fskipara k\u0259ndi \u0259razisind\u0259 yerl\u0259\u015f\u0259n q\u00fcll\u0259 qal\u0131qlar\u0131 tikinti \u00fcslubu bax\u0131m\u0131ndan XVII \u0259sr\u0259 aid edilir. Yuxar\u0131 \u018fskipara k\u0259ndind\u0259 nisb\u0259t\u0259n salamat qalm\u0131\u015f abid\u0259l\u0259rd\u0259n biri d\u0259 D\u00f6rdk\u00fcncl\u00fc qalad\u0131r. Bu qalan\u0131 Koro\u011flu qalas\u0131 q\u00fcll\u0259si v\u0259 sad\u0259c\u0259 olaraq Q\u00fcll\u0259 d\u0259 adland\u0131r\u0131rlar. B\u0259z\u0259n el\u0259c\u0259 Koro\u011flu qalas\u0131 da deyilir. Co\u011faz \u00e7ay\u0131n\u0131n sahilind\u0259 ucald\u0131lm\u0131\u015f bu \u00e7oxm\u0259rt\u0259b\u0259li qala g\u00f6z\u0259t\u00e7ixana olmu\u015fdur. \u00c7ox planl\u0131 qurulu\u015fa malik p\u0259nc\u0259r\u0259l\u0259r, m\u00fc\u015fahid\u0259 d\u0259likl\u0259ri, x\u0259b\u0259rdaredici tonqal yerl\u0259ri buran\u0131n g\u00f6z\u0259t\u00e7i m\u0259nt\u0259q\u0259si olmas\u0131 fikrini t\u0259sdiql\u0259yir. Plan qurulu\u015fu bax\u0131m\u0131ndan qala kvadrat \u015f\u0259klind\u0259dir v\u0259 h\u0259r bir t\u0259r\u0259finin uzunlu\u011fu 8 metr t\u0259\u015fkil edir. Qala \u00e7ayda\u015f\u0131ndan \u00e7ox s\u0259liq\u0259 il\u0259 h\u00f6r\u00fclm\u00fc\u015f v\u0259 bi\u015fmi\u015f q\u0131rm\u0131z\u0131 k\u0259rpicd\u0259n k\u0259m\u0259r-nax\u0131\u015flar\u0131 vard\u0131r. M\u0259rt\u0259b\u0259 aras\u0131 ba\u011flar \u00fc\u00e7\u00fcn a\u011facdan istifad\u0259 edilmi\u015fdir. H\u0259y\u0259tind\u0259 k\u00f6m\u0259k\u00e7i binalar da vard\u0131r. Bunu s\u00fcbut ed\u0259n faktlar h\u0259min binalar\u0131n qal\u0131qlar\u0131d\u0131r. Memarl\u0131q v\u0259 m\u00fch\u0259ndislik bax\u0131m\u0131ndan tikili b\u00f6lg\u0259y\u0259 m\u0259xsus in\u015faat \u00fcslubunda ucalm\u0131\u015fd\u0131r. Buna ox\u015far, eyni \u00fcslubda tikilmi\u015f g\u00f6z\u0259t\u00e7i b\u00fcrc\u00fc A\u011fstafa rayonu \u0259razisind\u0259, Az\u0259rbaycan\u0131n G\u00fcrc\u00fcstan il\u0259 d\u00f6vl\u0259t s\u0259rh\u0259ddind\u0259 yerl\u0259\u015fir. Bu qala Az\u0259rbaycan\u0131n orta \u0259sr m\u00fcdafi\u0259 tikilil\u0259rinin nadir v\u0259 \u00f6n\u0259mli \u00f6rn\u0259yidir.<\/p>\n<div class=\"gallerify-container\"><div class=\"gallerify\" data-allowfullscreen=\"true\" data-nav=\"thumbs\" data-keyboard=\"true\"  data-autoplay=\"false\" data-trackpad=\"false\" data-ratio=\"800\/500\" data-width=\"96%\"><img src=\"https:\/\/keshikchidagh-heritage.az\/wp-content\/uploads\/2022\/09\/70.-1.jpg\" width=\"907\" height=\"511\" alt=\"\" data-skip-lazy=\"\" \/>\n<\/div><\/div>\n<\/div>\n<\/div>\n<div class=\"l7ghb35v kjdc1dyq kmwttqpk gh25dzvf jikcssrz n3t5jt4f\">\n<div dir=\"auto\">\u00a0<\/div>\n<\/div>\n<div class=\"l7ghb35v kjdc1dyq kmwttqpk gh25dzvf jikcssrz n3t5jt4f\">\u00a0<\/div>\n<div class=\"l7ghb35v kjdc1dyq kmwttqpk gh25dzvf jikcssrz n3t5jt4f\">\n<div dir=\"auto\">\u00a0<\/div>\n<\/div>\n","protected":false},"excerpt":{"rendered":"<div class=\"m8h3af8h l7ghb35v kjdc1dyq kmwttqpk gh25dzvf n3t5jt4f\">\n<div dir=\"auto\">B\u00f6lg\u0259mizin m\u0259d\u0259ni irsi&#8230;<\/div>\n<div dir=\"auto\">Koro\u011flu qalas\u0131<\/div>\n<div dir=\"auto\">Yuxar\u0131 \u018fskipara k\u0259ndi \u0259razisind\u0259 yerl\u0259\u015f\u0259n q\u00fcll\u0259 qal\u0131qlar\u0131 tikinti \u00fcslubu bax\u0131m&#8230;<\/p>\n","protected":false},"author":1,"featured_media":7456,"comment_status":"closed","ping_status":"closed","sticky":false,"template":"","format":"standard","meta":[],"categories":[5],"tags":[],"_links":{"self":[{"href":"https:\/\/keshikchidagh-heritage.az\/az\/wp-json\/wp\/v2\/posts\/7455"}],"collection":[{"href":"https:\/\/keshikchidagh-heritage.az\/az\/wp-json\/wp\/v2\/posts"}],"about":[{"href":"https:\/\/keshikchidagh-heritage.az\/az\/wp-json\/wp\/v2\/types\/post"}],"author":[{"embeddable":true,"href":"https:\/\/keshikchidagh-heritage.az\/az\/wp-json\/wp\/v2\/users\/1"}],"replies":[{"embeddable":true,"href":"https:\/\/keshikchidagh-heritage.az\/az\/wp-json\/wp\/v2\/comments?post=7455"}],"version-history":[{"count":5,"href":"https:\/\/keshikchidagh-heritage.az\/az\/wp-json\/wp\/v2\/posts\/7455\/revisions"}],"predecessor-version":[{"id":7463,"href":"https:\/\/keshikchidagh-heritage.az\/az\/wp-json\/wp\/v2\/posts\/7455\/revisions\/7463"}],"wp:featuredmedia":[{"embeddable":true,"href":"https:\/\/keshikchidagh-heritage.az\/az\/wp-json\/wp\/v2\/media\/7456"}],"wp:attachment":[{"href":"https:\/\/keshikchidagh-heritage.az\/az\/wp-json\/wp\/v2\/media?parent=7455"}],"wp:term":[{"taxonomy":"category","embeddable":true,"href":"https:\/\/keshikchidagh-heritage.az\/az\/wp-json\/wp\/v2\/categories?post=7455"},{"taxonomy":"post_tag","embeddable":true,"href":"https:\/\/keshikchidagh-heritage.az\/az\/wp-json\/wp\/v2\/tags?post=7455"}],"curies":[{"name":"wp","href":"https:\/\/api.w.org\/{rel}","templated":true}]}}