{"id":6007,"date":"2022-02-25T15:23:56","date_gmt":"2022-02-25T11:23:56","guid":{"rendered":"https:\/\/keshikchidagh-heritage.az\/?p=6007"},"modified":"2022-07-05T15:28:58","modified_gmt":"2022-07-05T11:28:58","slug":"kesikcidag-dovl%c9%99t-tarix-m%c9%99d%c9%99niyy%c9%99t-qorugu-t%c9%99r%c9%99find%c9%99n-az%c9%99rbaycan-tarixinin-%c9%99n-d%c9%99hs%c9%99tli-s%c9%99hif%c9%99l%c9%99rind%c9%99n-biri-o","status":"publish","type":"post","link":"https:\/\/keshikchidagh-heritage.az\/az\/content\/6007","title":{"rendered":"\u201cKe\u015fik\u00e7ida\u011f\u201d D\u00f6vl\u0259t tarix-m\u0259d\u0259niyy\u0259t qoru\u011fu t\u0259r\u0259find\u0259n Az\u0259rbaycan tarixinin \u0259n d\u0259h\u015f\u0259tli s\u0259hif\u0259l\u0259rind\u0259n biri olan Xocal\u0131 soyq\u0131r\u0131m\u0131n\u0131n 30-cu ild\u00f6n\u00fcm\u00fcn\u0259 h\u0259sr olunmu\u015f \u201cXocal\u0131 soyq\u0131r\u0131m\u0131\u201d adl\u0131 onlayn vebinar ke\u00e7irildi."},"content":{"rendered":"<div dir=\"auto\">24.02.2022-ci il tarixind\u0259\u201cKe\u015fik\u00e7ida\u011f\u201d D\u00f6vl\u0259t tarix-m\u0259d\u0259niyy\u0259t qoru\u011fu t\u0259r\u0259find\u0259n Az\u0259rbaycan tarixinin \u0259n d\u0259h\u015f\u0259tli s\u0259hif\u0259l\u0259rind\u0259n biri olan Xocal\u0131 soyq\u0131r\u0131m\u0131n\u0131n 30-cu ild\u00f6n\u00fcm\u00fcn\u0259 h\u0259sr olunmu\u015f \u201cXocal\u0131 soyq\u0131r\u0131m\u0131\u201d adl\u0131 onlayn vebinar ke\u00e7irildi.<\/div>\n<div dir=\"auto\">Vebinarda Xocal\u0131 qurbanlar\u0131n\u0131n xatir\u0259si bir d\u0259qiq\u0259lik s\u00fckutla yad edildi v\u0259 Xocal\u0131 soyq\u0131r\u0131m\u0131ndan b\u0259hs etdir\u0259n video\u00e7arx n\u00fcmayi\u015f olundu. Vebinarda \u00e7\u0131x\u0131\u015f ed\u0259nl\u0259r qeyd etdil\u0259r ki,\u00a0\u00f6t\u0259n \u0259srin 92-ci ilinin fevral\u0131nda tarixd\u0259 g\u00f6r\u00fcnm\u0259mi\u015f q\u0259tliam ba\u015f verdi. T\u00fcrkl\u0259ri \u00f6z\u00fcn\u00fcn \u0259b\u0259di d\u00fc\u015fm\u0259ni hesab ed\u0259n erm\u0259nil\u0259r m\u0259skunla\u015fd\u0131qlar\u0131 t\u00fcrk torpaqlar\u0131nda insanl\u0131\u011fa xas olmayan v\u0259h\u015filikl\u0259r t\u00f6r\u0259tm\u0259kl\u0259, insanlar\u0131 amans\u0131zl\u0131qla q\u0259tl\u0259 yetirdil\u0259r, \u0259sir g\u00f6t\u00fcrd\u00fcl\u0259r, \u015f\u0259h\u0259ri is\u0259 oda qalad\u0131lar. \u018fliyal\u0131n, ba\u015f\u0131a\u00e7\u0131q insanlar\u0131, k\u00f6m\u0259ksiz u\u015faqlar\u0131, ah\u0131l ya\u015fl\u0131 qocalar\u0131x\u00fcsusi amans\u0131zl\u0131qla q\u0259tl\u0259 yetirdil\u0259r.\u00a0H\u0259m\u00e7inin Qaraba\u011f m\u00fcharib\u0259sinin \u0259n q\u0259ddar s\u0259hif\u0259si olan Xocal\u0131 soyq\u0131r\u0131m\u0131n\u0131 yeni b\u00f6y\u00fcy\u0259n g\u0259nc n\u0259sl\u0259 a\u015f\u0131lanmas\u0131 v\u0259 d\u00fcnyaya \u00e7atd\u0131r\u0131lmas\u0131n\u0131n vacibliyind\u0259n d\u0259 dan\u0131\u015f\u0131ld\u0131.\u00a0Allah b\u00fct\u00fcn \u015f\u0259hidl\u0259rimiz\u0259 r\u0259hm\u0259t el\u0259sin!<\/div>\n<div dir=\"auto\">\u00a0<\/div>\n<div dir=\"auto\">\u00a0<\/div>\n<div dir=\"auto\">\u00a0<\/div>\n<div dir=\"auto\">\u00a0<\/div>\n<div dir=\"auto\">\u00a0<\/div>\n<div dir=\"auto\">\u00a0<\/div>\n<div dir=\"auto\">\n<div class=\"gallerify-container\"><div class=\"gallerify\" data-allowfullscreen=\"true\" data-nav=\"thumbs\" data-keyboard=\"true\"  data-autoplay=\"false\" data-trackpad=\"false\" data-ratio=\"800\/500\" data-width=\"96%\"><img src=\"https:\/\/keshikchidagh-heritage.az\/wp-content\/uploads\/2022\/07\/100..jpg\" width=\"1292\" height=\"640\" alt=\"\" data-skip-lazy=\"\" \/>\n<\/div><\/div>\n<\/div>\n","protected":false},"excerpt":{"rendered":"<div dir=\"auto\">24.02.2022-ci il tarixind\u0259\u201cKe\u015fik\u00e7ida\u011f\u201d D\u00f6vl\u0259t tarix-m\u0259d\u0259niyy\u0259t qoru\u011fu t\u0259r\u0259find\u0259n Az\u0259rbaycan tarixinin \u0259n d\u0259h\u015f\u0259tli s\u0259hif\u0259l\u0259rind\u0259n biri olan Xocal\u0131 soyq\u0131r\u0131m\u0131n\u0131n 30-cu ild\u00f6n\u00fcm\u00fcn\u0259 h\u0259sr olunmu\u015f \u201cXocal\u0131 soyq\u0131r\u0131m\u0131\u201d adl\u0131 onlayn vebinar ke\u00e7iri&#8230;<\/p>\n","protected":false},"author":1,"featured_media":6008,"comment_status":"closed","ping_status":"closed","sticky":false,"template":"","format":"standard","meta":[],"categories":[5],"tags":[],"_links":{"self":[{"href":"https:\/\/keshikchidagh-heritage.az\/az\/wp-json\/wp\/v2\/posts\/6007"}],"collection":[{"href":"https:\/\/keshikchidagh-heritage.az\/az\/wp-json\/wp\/v2\/posts"}],"about":[{"href":"https:\/\/keshikchidagh-heritage.az\/az\/wp-json\/wp\/v2\/types\/post"}],"author":[{"embeddable":true,"href":"https:\/\/keshikchidagh-heritage.az\/az\/wp-json\/wp\/v2\/users\/1"}],"replies":[{"embeddable":true,"href":"https:\/\/keshikchidagh-heritage.az\/az\/wp-json\/wp\/v2\/comments?post=6007"}],"version-history":[{"count":12,"href":"https:\/\/keshikchidagh-heritage.az\/az\/wp-json\/wp\/v2\/posts\/6007\/revisions"}],"predecessor-version":[{"id":6021,"href":"https:\/\/keshikchidagh-heritage.az\/az\/wp-json\/wp\/v2\/posts\/6007\/revisions\/6021"}],"wp:featuredmedia":[{"embeddable":true,"href":"https:\/\/keshikchidagh-heritage.az\/az\/wp-json\/wp\/v2\/media\/6008"}],"wp:attachment":[{"href":"https:\/\/keshikchidagh-heritage.az\/az\/wp-json\/wp\/v2\/media?parent=6007"}],"wp:term":[{"taxonomy":"category","embeddable":true,"href":"https:\/\/keshikchidagh-heritage.az\/az\/wp-json\/wp\/v2\/categories?post=6007"},{"taxonomy":"post_tag","embeddable":true,"href":"https:\/\/keshikchidagh-heritage.az\/az\/wp-json\/wp\/v2\/tags?post=6007"}],"curies":[{"name":"wp","href":"https:\/\/api.w.org\/{rel}","templated":true}]}}