{"id":4781,"date":"2021-12-29T18:48:25","date_gmt":"2021-12-29T14:48:25","guid":{"rendered":"https:\/\/keshikchidagh-heritage.az\/?p=4781"},"modified":"2022-01-13T18:54:42","modified_gmt":"2022-01-13T14:54:42","slug":"konfrans-2","status":"publish","type":"post","link":"https:\/\/keshikchidagh-heritage.az\/az\/content\/4781","title":{"rendered":"Konfrans"},"content":{"rendered":"<div class=\"gallerify-container\"><div class=\"gallerify\" data-allowfullscreen=\"true\" data-nav=\"thumbs\" data-keyboard=\"true\"  data-autoplay=\"false\" data-trackpad=\"false\" data-ratio=\"800\/500\" data-width=\"96%\"><img src=\"https:\/\/keshikchidagh-heritage.az\/wp-content\/uploads\/2022\/01\/image003-2.jpg\" width=\"612\" height=\"289\" alt=\"\" data-skip-lazy=\"\" \/>\n<img src=\"https:\/\/keshikchidagh-heritage.az\/wp-content\/uploads\/2022\/01\/image010.jpg\" width=\"518\" height=\"291\" alt=\"\" data-skip-lazy=\"\" \/>\n<img src=\"https:\/\/keshikchidagh-heritage.az\/wp-content\/uploads\/2022\/01\/image001-1.jpg\" width=\"477\" height=\"268\" alt=\"\" data-skip-lazy=\"\" \/>\n<\/div><\/div>\n<p>M\u0259lum edirik ki, Ke\u015fik\u00e7ida\u011f ma\u011faralar kompleksinin t\u0259bli\u011f edilm\u0259si, tan\u0131d\u0131lmas\u0131, q\u0259dim tariximizin ya\u015fad\u0131lmas\u0131 m\u0259qs\u0259dil\u0259 \u201cKe\u015fik\u00e7ida\u011f\u201d D\u00f6vl\u0259t tarix-m\u0259d\u0259niyy\u0259t qoru\u011fu m\u00fctamadi olaraq yerli v\u0259 beyn\u0259lxalq arenalarda elmi m\u0259qal\u0259l\u0259r il\u0259 i\u015ftirak edir. Bu i\u015fl\u0259r son iki ild\u0259 daha geni\u015f v\u00fcs\u0259t alm\u0131\u015f, qoruq haqq\u0131nda 50-y\u0259 yax\u0131n yerli v\u0259 beyn\u0259lxalq konfranslarda elmi m\u0259ruz\u0259l\u0259rimiz dinl\u0259nilmi\u015f, \u00e7ap edilmi\u015fdir. Bel\u0259 konfranslardan biri d\u0259 23-25 dekabr 2021-ci il tarixl\u0259rind\u0259 T\u00fcrkiy\u0259nin \u0130stanbul \u015f\u0259h\u0259rind\u0259 ke\u00e7irilmi\u015f \u201c2nd \u0130nternational modern scientific research congress\u201d adl\u0131 konfransd\u0131r. Bu konfransda \u201cKe\u015fik\u00e7ida\u011f\u201d D\u00f6vl\u0259t tarix-m\u0259d\u0259niyy\u0259t qoru\u011funun apar\u0131c\u0131 elmi i\u015f\u00e7isi Firuz\u0259 M\u0259mm\u0259dova \u201cKe\u015fik\u00e7ida\u011fda a\u015fkarlanm\u0131\u015f silindirk m\u00f6h\u00fcr\u201d adl\u0131 m\u0259qal\u0259 il\u0259 i\u015ftirak etmi\u015f v\u0259 konfrans t\u0259\u015fkilat\u00e7\u0131lar\u0131 t\u0259r\u0259find\u0259n \u0259m\u0259kda\u015f\u0131m\u0131za Sertifikat t\u0259qdim edilmi\u015fdir. H\u0259m\u00e7inin g\u0259l\u0259c\u0259kd\u0259 \u201cKe\u015fik\u00e7ida\u011f\u201d D\u00f6vl\u0259t tarix-m\u0259d\u0259niyy\u0259t qoru\u011fu v\u0259 \u0130KSAD aras\u0131nda \u0259m\u0259kda\u015fl\u0131\u011f\u0131n daha da geni\u015fl\u0259ndirilm\u0259si m\u0259qs\u0259dil\u0259 \u0130KSAD -\u0131n t\u0259\u015fkilat komit\u0259sinin s\u0259dri DR. Mustafa Latif Emekl\u0259 fikir m\u00fcbadil\u0259si apar\u0131lm\u0131\u015f v\u0259 birg\u0259 konfranslar\u0131n ke\u00e7irilm\u0259si n\u0259z\u0259rd\u0259 tutulmu\u015fdur.Qeyd ed\u0259k ki, Az\u0259rbaycan arxeologiyas\u0131nda iz qoyacaq bu silindrik m\u00f6h\u00fcr Ke\u015fik\u00e7ida\u011f kurqanlar vadisind\u0259 apar\u0131lm\u0131\u015f arxeoloji qaz\u0131nt\u0131lar zaman\u0131 Sar\u0131yoxu\u015f d\u0259r\u0259si 2 sayl\u0131 kurqandan a\u015fkarlanm\u0131\u015fd\u0131r. Tayfa ba\u015f\u00e7\u0131s\u0131na m\u0259xsus oldu\u011fu ehtimal edil\u0259n steatit da\u015f\u0131ndan haz\u0131rlanm\u0131\u015f m\u00f6h\u00fcr\u00fcn \u00fcz\u0259rind\u0259 diqq\u0259t \u00e7\u0259k\u0259n x\u00fcsusi i\u015far\u0259l\u0259r vard\u0131r. Q\u0259dim inanclara g\u00f6r\u0259 bu da\u015f vasit\u0259sil\u0259 o d\u00fcnya il\u0259 ruhlarla \u0259laq\u0259 saxlamaq olurdu. Bu s\u0259b\u0259bd\u0259n insanlar bu da\u015f\u0131 \u0259sas\u0259n bo\u011fazlar\u0131ndan asm\u0131\u015flar. Ke\u015fik\u00e7ida\u011f kurqanlar vadisind\u0259n a\u015fkarlanan bu \u0259v\u0259zsiz maddi-m\u0259d\u0259niyy\u0259t n\u00fcmun\u0259sinin yaz\u0131 v\u0259 ya sad\u0259c\u0259 insanlar\u0131n dini d\u00fcnyag\u00f6r\u00fc\u015fl\u0259riyl\u0259 ba\u011fl\u0131 oldu\u011fu m\u00fct\u0259x\u0259ssisl\u0259r t\u0259r\u0259find\u0259n ara\u015fd\u0131r\u0131lacaqd\u0131r.<\/p>\n","protected":false},"excerpt":{"rendered":"[gallery ids=\"4783,4784,4785\"]\n<p>M\u0259lum edirik ki, Ke\u015fik\u00e7ida\u011f ma\u011faralar kompleksinin t\u0259bli\u011f edilm\u0259si, tan\u0131d\u0131lmas\u0131, q\u0259dim tariximizin ya\u015fad\u0131lmas\u0131 m\u0259qs\u0259dil\u0259 \u201cKe\u015fik\u00e7ida\u011f\u201d D\u00f6vl\u0259t tarix-m\u0259d\u0259niyy\u0259t qoru\u011fu m\u00fctamadi olaraq yerli v\u0259 beyn\u0259lxalq arenalarda elmi&#8230;<\/p>\n","protected":false},"author":1,"featured_media":4784,"comment_status":"closed","ping_status":"closed","sticky":false,"template":"","format":"standard","meta":[],"categories":[5],"tags":[],"_links":{"self":[{"href":"https:\/\/keshikchidagh-heritage.az\/az\/wp-json\/wp\/v2\/posts\/4781"}],"collection":[{"href":"https:\/\/keshikchidagh-heritage.az\/az\/wp-json\/wp\/v2\/posts"}],"about":[{"href":"https:\/\/keshikchidagh-heritage.az\/az\/wp-json\/wp\/v2\/types\/post"}],"author":[{"embeddable":true,"href":"https:\/\/keshikchidagh-heritage.az\/az\/wp-json\/wp\/v2\/users\/1"}],"replies":[{"embeddable":true,"href":"https:\/\/keshikchidagh-heritage.az\/az\/wp-json\/wp\/v2\/comments?post=4781"}],"version-history":[{"count":1,"href":"https:\/\/keshikchidagh-heritage.az\/az\/wp-json\/wp\/v2\/posts\/4781\/revisions"}],"predecessor-version":[{"id":4786,"href":"https:\/\/keshikchidagh-heritage.az\/az\/wp-json\/wp\/v2\/posts\/4781\/revisions\/4786"}],"wp:featuredmedia":[{"embeddable":true,"href":"https:\/\/keshikchidagh-heritage.az\/az\/wp-json\/wp\/v2\/media\/4784"}],"wp:attachment":[{"href":"https:\/\/keshikchidagh-heritage.az\/az\/wp-json\/wp\/v2\/media?parent=4781"}],"wp:term":[{"taxonomy":"category","embeddable":true,"href":"https:\/\/keshikchidagh-heritage.az\/az\/wp-json\/wp\/v2\/categories?post=4781"},{"taxonomy":"post_tag","embeddable":true,"href":"https:\/\/keshikchidagh-heritage.az\/az\/wp-json\/wp\/v2\/tags?post=4781"}],"curies":[{"name":"wp","href":"https:\/\/api.w.org\/{rel}","templated":true}]}}