{"id":17024,"date":"2026-09-01T09:14:20","date_gmt":"2026-09-01T05:14:20","guid":{"rendered":"https:\/\/keshikchidagh-heritage.az\/?p=17024"},"modified":"2026-09-02T10:05:51","modified_gmt":"2026-09-02T06:05:51","slug":"ortaq-irs-ortaq-g%c9%99l%c9%99c%c9%99k-turk-dunyasinda-arxeoloji-v%c9%99-tarixi-m%c9%99d%c9%99ni-irsin-qorunmasi-t%c9%99dqiqi-v%c9%99-t%c9%99bligi-movzusunda-kecirilmis-beyn%c9%99","status":"publish","type":"post","link":"https:\/\/keshikchidagh-heritage.az\/az\/content\/17024","title":{"rendered":"\u201cOrtaq \u0130rs, Ortaq G\u0259l\u0259c\u0259k: T\u00fcrk D\u00fcnyas\u0131nda Arxeoloji v\u0259 Tarixi-M\u0259d\u0259ni \u0130rsin Qorunmas\u0131, T\u0259dqiqi v\u0259 T\u0259bli\u011fi\u201d m\u00f6vzusunda ke\u00e7irilmi\u015f beyn\u0259lxalq onlayn seminardan video g\u00f6r\u00fcnt\u00fcl\u0259ri"},"content":{"rendered":"<p> \u201cOrtaq \u0130rs, Ortaq G\u0259l\u0259c\u0259k: T\u00fcrk D\u00fcnyas\u0131nda Arxeoloji v\u0259 Tarixi-M\u0259d\u0259ni \u0130rsin Qorunmas\u0131, T\u0259dqiqi v\u0259 T\u0259bli\u011fi\u201d m\u00f6vzusunda ke\u00e7irilmi\u015f beyn\u0259lxalq onlayn seminardan video g\u00f6r\u00fcnt\u00fcl\u0259ri.<\/p>\n<div class=\"gallerify-container\"><div class=\"gallerify\" data-allowfullscreen=\"true\" data-nav=\"thumbs\" data-keyboard=\"true\"  data-autoplay=\"false\" data-trackpad=\"false\" data-ratio=\"800\/500\" data-width=\"96%\"><img src=\"https:\/\/keshikchidagh-heritage.az\/wp-content\/uploads\/2026\/09\/1.jpg\" width=\"1280\" height=\"768\" alt=\"\" data-skip-lazy=\"\" \/>\n<\/div><\/div>\n<p>27 avqust 2026-c\u0131 il tarixind\u0259 Az\u0259rbaycan, \u00d6zb\u0259kistan, Qazax\u0131stan v\u0259 Q\u0131r\u011f\u0131z\u0131stan\u0131n m\u00fcvafiq d\u00f6vl\u0259t qurumlar\u0131, elmi m\u00fc\u0259ssis\u0259 v\u0259 muzey-qoruqlar\u0131n\u0131n n\u00fcmay\u0259nd\u0259l\u0259rinin, M\u0259d\u0259niyy\u0259t Nazirliyi yan\u0131nda M\u0259d\u0259ni \u0130rsin Qorunmas\u0131, \u0130nki\u015faf\u0131 v\u0259 B\u0259rpas\u0131 \u00fczr\u0259 D\u00f6vl\u0259t Xidm\u0259tinin idar\u0259etm\u0259sin\u0259 verilmi\u015f qoruqlar\u0131n \u0259m\u0259kda\u015flar\u0131n\u0131n, AMEA Arxeologiya v\u0259 Antropologiya \u0130nstitutunun aliml\u0259rinin, BDU v\u0259 X\u0259z\u0259r Universitetinin m\u00fc\u0259llim, alim, magistrant v\u0259 t\u0259l\u0259b\u0259l\u0259rinin i\u015ftirak\u0131 il\u0259 \u201cOrtaq \u0130rs, Ortaq G\u0259l\u0259c\u0259k: T\u00fcrk D\u00fcnyas\u0131nda Arxeoloji v\u0259 Tarixi-M\u0259d\u0259ni \u0130rsin Qorunmas\u0131, T\u0259dqiqi v\u0259 T\u0259bli\u011fi\u201d m\u00f6vzusunda ke\u00e7irilmi\u015f beyn\u0259lxalq onlayn seminardan video g\u00f6r\u00fcnt\u00fcl\u0259ri t\u0259qdim edirik.<\/p>\n<!--[if lt IE 9]><script>document.createElement('video');<\/script><![endif]-->\n\t<div class=\"wp-playlist wp-video-playlist wp-playlist-light\">\n\t\t<video controls=\"controls\" preload=\"none\" width=\"761\"\n\t\t height=\"424\"\t><\/video>\n\t<div class=\"wp-playlist-next\"><\/div>\n\t<div class=\"wp-playlist-prev\"><\/div>\n\t<noscript>\n\t<ol>\n\t\t<li><a href='https:\/\/keshikchidagh-heritage.az\/wp-content\/uploads\/2026\/09\/beyn\u0259lxalq-konfrans-.mp4'>beyn\u0259lxalq konfrans<\/a><\/li>\t<\/ol>\n\t<\/noscript>\n\t<script type=\"application\/json\" class=\"wp-playlist-script\">{\"type\":\"video\",\"tracklist\":true,\"tracknumbers\":true,\"images\":true,\"artists\":true,\"tracks\":[{\"src\":\"https:\\\/\\\/keshikchidagh-heritage.az\\\/wp-content\\\/uploads\\\/2026\\\/09\\\/beyn\\u0259lxalq-konfrans-.mp4\",\"type\":\"video\\\/mp4\",\"title\":\"beyn\\u0259lxalq konfrans\",\"caption\":\"\",\"description\":\"\",\"meta\":{\"length_formatted\":\"1:36\"},\"dimensions\":{\"original\":{\"width\":832,\"height\":464},\"resized\":{\"width\":761,\"height\":424}},\"image\":{\"src\":\"https:\\\/\\\/keshikchidagh-heritage.az\\\/wp-includes\\\/images\\\/media\\\/video.png\",\"width\":48,\"height\":64},\"thumb\":{\"src\":\"https:\\\/\\\/keshikchidagh-heritage.az\\\/wp-includes\\\/images\\\/media\\\/video.png\",\"width\":48,\"height\":64}}]}<\/script>\n<\/div>\n\t\n","protected":false},"excerpt":{"rendered":"<p>\u201cOrtaq \u0130rs, Ortaq G\u0259l\u0259c\u0259k: T\u00fcrk D\u00fcnyas\u0131nda Arxeoloji v\u0259 Tarixi-M\u0259d\u0259ni \u0130rsin Qorunmas\u0131, T\u0259dqiqi v\u0259 T\u0259bli\u011fi\u201d m\u00f6vzusunda ke\u00e7irilmi\u015f beyn\u0259lxalq onlayn seminardan video g\u00f6r\u00fcnt\u00fcl\u0259ri. [gallery size=\"large\" ids=\"17026\"] 27 avqust 2026-c\u0131 il tarixind\u0259 &#8230;<\/p>\n","protected":false},"author":1,"featured_media":17026,"comment_status":"closed","ping_status":"closed","sticky":false,"template":"","format":"standard","meta":[],"categories":[5],"tags":[],"_links":{"self":[{"href":"https:\/\/keshikchidagh-heritage.az\/az\/wp-json\/wp\/v2\/posts\/17024"}],"collection":[{"href":"https:\/\/keshikchidagh-heritage.az\/az\/wp-json\/wp\/v2\/posts"}],"about":[{"href":"https:\/\/keshikchidagh-heritage.az\/az\/wp-json\/wp\/v2\/types\/post"}],"author":[{"embeddable":true,"href":"https:\/\/keshikchidagh-heritage.az\/az\/wp-json\/wp\/v2\/users\/1"}],"replies":[{"embeddable":true,"href":"https:\/\/keshikchidagh-heritage.az\/az\/wp-json\/wp\/v2\/comments?post=17024"}],"version-history":[{"count":8,"href":"https:\/\/keshikchidagh-heritage.az\/az\/wp-json\/wp\/v2\/posts\/17024\/revisions"}],"predecessor-version":[{"id":17034,"href":"https:\/\/keshikchidagh-heritage.az\/az\/wp-json\/wp\/v2\/posts\/17024\/revisions\/17034"}],"wp:featuredmedia":[{"embeddable":true,"href":"https:\/\/keshikchidagh-heritage.az\/az\/wp-json\/wp\/v2\/media\/17026"}],"wp:attachment":[{"href":"https:\/\/keshikchidagh-heritage.az\/az\/wp-json\/wp\/v2\/media?parent=17024"}],"wp:term":[{"taxonomy":"category","embeddable":true,"href":"https:\/\/keshikchidagh-heritage.az\/az\/wp-json\/wp\/v2\/categories?post=17024"},{"taxonomy":"post_tag","embeddable":true,"href":"https:\/\/keshikchidagh-heritage.az\/az\/wp-json\/wp\/v2\/tags?post=17024"}],"curies":[{"name":"wp","href":"https:\/\/api.w.org\/{rel}","templated":true}]}}