{"id":14154,"date":"2025-08-05T15:57:56","date_gmt":"2025-08-05T11:57:56","guid":{"rendered":"https:\/\/keshikchidagh-heritage.az\/?p=14154"},"modified":"2025-08-05T15:57:56","modified_gmt":"2025-08-05T11:57:56","slug":"kesikcidag-dovl%c9%99t-tarix-m%c9%99d%c9%99niyy%c9%99t-qorugu-t%c9%99r%c9%99find%c9%99n-h%c9%99yata-keciril%c9%99n-kesikcidagda-elmi-arxeoloji-qazintilar-v%c9%99-yay-m%c9%99kt","status":"publish","type":"post","link":"https:\/\/keshikchidagh-heritage.az\/az\/content\/14154","title":{"rendered":"\u201cKe\u015fik\u00e7ida\u011f\u201d D\u00f6vl\u0259t tarix-m\u0259d\u0259niyy\u0259t qoru\u011fu t\u0259r\u0259find\u0259n h\u0259yata ke\u00e7iril\u0259n \"Ke\u015fik\u00e7ida\u011fda elmi arxeoloji qaz\u0131nt\u0131lar v\u0259 yay m\u0259kt\u0259bi 5\" layih\u0259si elmi ictimaiyy\u0259t v\u0259 g\u0259nc t\u0259dqiqat\u00e7\u0131lar aras\u0131nda geni\u015f maraq do\u011furmu\u015fdur."},"content":{"rendered":"<p>\u201cKe\u015fik\u00e7ida\u011f\u201d D\u00f6vl\u0259t tarix-m\u0259d\u0259niyy\u0259t qoru\u011fu t\u0259r\u0259find\u0259n h\u0259yata ke\u00e7iril\u0259n &#8220;Ke\u015fik\u00e7ida\u011fda elmi arxeoloji qaz\u0131nt\u0131lar v\u0259 yay m\u0259kt\u0259bi 5&#8221; layih\u0259si elmi ictimaiyy\u0259t v\u0259 g\u0259nc t\u0259dqiqat\u00e7\u0131lar aras\u0131nda geni\u015f maraq do\u011furmu\u015fdur. \u0130sti yay m\u00f6vs\u00fcm\u00fcnd\u0259 apar\u0131lan arxeoloji qaz\u0131nt\u0131 i\u015fl\u0259ri il\u0259 yax\u0131ndan tan\u0131\u015f olmaq m\u0259qs\u0259dil\u0259 bir ne\u00e7\u0259  magistrant qoru\u011fun inzibati binas\u0131nda qonaq olmu\u015fdur. Qeyd edilm\u0259lidir ki, g\u0259nc magistrantlar  art\u0131q ard\u0131c\u0131l olaraq be\u015finci ildir ki, ad\u0131\u00e7\u0259kil\u0259n layih\u0259nin i\u015ftirak\u00e7\u0131lar\u0131 s\u0131ras\u0131ndad\u0131rlar v\u0259 \u201cKe\u015fik\u00e7ida\u011f\u201d qoru\u011funda apar\u0131lan elmi-t\u0259dqiqat i\u015fl\u0259rin\u0259 f\u0259al \u015f\u0259kild\u0259 qo\u015fulurlar. Magistrantlar\u0131n i\u015ftirak\u0131 il\u0259 ba\u015f tutan g\u00f6r\u00fc\u015fd\u0259 AMEA.A.A. Bak\u0131xanov ad\u0131na Tarix v\u0259 Etnologiya \u0130nstitutunun b\u00f6y\u00fck elmi i\u015f\u00e7isi, tarix \u00fczr\u0259 f\u0259ls\u0259f\u0259 doktoru, dosent \u0130smay\u0131l Umudlu v\u0259 tarix \u00fczr\u0259 f\u0259ls\u0259f\u0259 doktoru, dosent B\u0259hm\u0259n Fazilo\u011flu da i\u015ftirak etmi\u015fl\u0259r. G\u00f6r\u00fc\u015f zaman\u0131 qoru\u011fun \u0259razisind\u0259 apar\u0131lan elmi arxeoloji t\u0259dqiqatlar\u0131n n\u0259tic\u0259l\u0259ri, g\u0259l\u0259c\u0259k istiqam\u0259tl\u0259ri v\u0259 bu proses\u0259 g\u0259nc t\u0259dqiqat\u00e7\u0131lar\u0131n c\u0259lb olunmas\u0131n\u0131n \u0259h\u0259miyy\u0259ti \u0259traf\u0131nda fikir m\u00fcbadil\u0259si apar\u0131lm\u0131\u015fd\u0131r.<br \/>\n<div class=\"gallerify-container\"><div class=\"gallerify\" data-allowfullscreen=\"true\" data-nav=\"thumbs\" data-keyboard=\"true\"  data-autoplay=\"false\" data-trackpad=\"false\" data-ratio=\"800\/500\" data-width=\"96%\"><img src=\"https:\/\/keshikchidagh-heritage.az\/wp-content\/uploads\/2025\/08\/16.jpg\" width=\"2048\" height=\"1536\" alt=\"\" data-skip-lazy=\"\" \/>\n<img src=\"https:\/\/keshikchidagh-heritage.az\/wp-content\/uploads\/2025\/08\/11.jpg\" width=\"2048\" height=\"1536\" alt=\"\" data-skip-lazy=\"\" \/>\n<img src=\"https:\/\/keshikchidagh-heritage.az\/wp-content\/uploads\/2025\/08\/12.jpg\" width=\"2048\" height=\"1536\" alt=\"\" data-skip-lazy=\"\" \/>\n<img src=\"https:\/\/keshikchidagh-heritage.az\/wp-content\/uploads\/2025\/08\/13.jpg\" width=\"2048\" height=\"1536\" alt=\"\" data-skip-lazy=\"\" \/>\n<img src=\"https:\/\/keshikchidagh-heritage.az\/wp-content\/uploads\/2025\/08\/14.jpg\" width=\"2048\" height=\"1536\" alt=\"\" data-skip-lazy=\"\" \/>\n<\/div><\/div><\/p>\n","protected":false},"excerpt":{"rendered":"<p>\u201cKe\u015fik\u00e7ida\u011f\u201d D\u00f6vl\u0259t tarix-m\u0259d\u0259niyy\u0259t qoru\u011fu t\u0259r\u0259find\u0259n h\u0259yata ke\u00e7iril\u0259n &#8220;Ke\u015fik\u00e7ida\u011fda elmi arxeoloji qaz\u0131nt\u0131lar v\u0259 yay m\u0259kt\u0259bi 5&#8221; layih\u0259si elmi ictimaiyy\u0259t v\u0259 g\u0259nc t\u0259dqiqat\u00e7\u0131lar aras\u0131nda geni\u015f maraq do\u011furmu\u015fdur. \u0130sti yay m\u00f6vs\u00fcm\u00fcnd\u0259 apar\u0131lan arxeoloji&#8230;<\/p>\n","protected":false},"author":1,"featured_media":14156,"comment_status":"closed","ping_status":"closed","sticky":false,"template":"","format":"standard","meta":[],"categories":[43,5],"tags":[],"_links":{"self":[{"href":"https:\/\/keshikchidagh-heritage.az\/az\/wp-json\/wp\/v2\/posts\/14154"}],"collection":[{"href":"https:\/\/keshikchidagh-heritage.az\/az\/wp-json\/wp\/v2\/posts"}],"about":[{"href":"https:\/\/keshikchidagh-heritage.az\/az\/wp-json\/wp\/v2\/types\/post"}],"author":[{"embeddable":true,"href":"https:\/\/keshikchidagh-heritage.az\/az\/wp-json\/wp\/v2\/users\/1"}],"replies":[{"embeddable":true,"href":"https:\/\/keshikchidagh-heritage.az\/az\/wp-json\/wp\/v2\/comments?post=14154"}],"version-history":[{"count":1,"href":"https:\/\/keshikchidagh-heritage.az\/az\/wp-json\/wp\/v2\/posts\/14154\/revisions"}],"predecessor-version":[{"id":14160,"href":"https:\/\/keshikchidagh-heritage.az\/az\/wp-json\/wp\/v2\/posts\/14154\/revisions\/14160"}],"wp:featuredmedia":[{"embeddable":true,"href":"https:\/\/keshikchidagh-heritage.az\/az\/wp-json\/wp\/v2\/media\/14156"}],"wp:attachment":[{"href":"https:\/\/keshikchidagh-heritage.az\/az\/wp-json\/wp\/v2\/media?parent=14154"}],"wp:term":[{"taxonomy":"category","embeddable":true,"href":"https:\/\/keshikchidagh-heritage.az\/az\/wp-json\/wp\/v2\/categories?post=14154"},{"taxonomy":"post_tag","embeddable":true,"href":"https:\/\/keshikchidagh-heritage.az\/az\/wp-json\/wp\/v2\/tags?post=14154"}],"curies":[{"name":"wp","href":"https:\/\/api.w.org\/{rel}","templated":true}]}}