{"id":13044,"date":"2025-04-21T12:17:19","date_gmt":"2025-04-21T08:17:19","guid":{"rendered":"https:\/\/keshikchidagh-heritage.az\/?p=13044"},"modified":"2025-05-06T11:32:53","modified_gmt":"2025-05-06T07:32:53","slug":"18-%d0%b0%d0%bf%d1%80%d0%b5%d0%bb%d1%8f-2025-%d0%b3%d0%be%d0%b4%d0%b0-%d0%bf%d0%be-%d0%b8%d0%bd%d0%b8%d1%86%d0%b8%d0%b0%d1%82%d0%b8%d0%b2%d0%b5-%d0%b8%d1%81%d1%82%d0%be%d1%80%d0%b8%d1%87%d0%b5%d1%81","status":"publish","type":"post","link":"https:\/\/keshikchidagh-heritage.az\/az\/content\/13044","title":{"rendered":"18 aprel 2025-ci il tarixind\u0259 Bak\u0131 D\u00f6vl\u0259t Universitetinin Tarix fak\u00fclt\u0259sinin t\u0259\u015fkilat\u00e7\u0131l\u0131\u011f\u0131 il\u0259 18 aprel - Beyn\u0259lxalq Abid\u0259l\u0259r v\u0259 Tarixi Yerl\u0259r G\u00fcn\u00fcn\u0259 h\u0259sr olunmu\u015f \u201cAbid\u0259l\u0259r v\u0259 tariximizin \u00f6yr\u0259nilm\u0259sind\u0259 onlar\u0131n \u0259h\u0259miyy\u0259ti\u201d m\u00f6vzusunda g\u0259nc t\u0259dqiqat\u00e7\u0131lar\u0131n respublika elmi konfrans\u0131 ke\u00e7irilmi\u015fdir."},"content":{"rendered":"<p>18 aprel 2025-ci il tarixind\u0259 Bak\u0131 D\u00f6vl\u0259t Universitetinin Tarix fak\u00fclt\u0259sinin t\u0259\u015fkilat\u00e7\u0131l\u0131\u011f\u0131 il\u0259 18 aprel &#8211; Beyn\u0259lxalq Abid\u0259l\u0259r v\u0259 Tarixi Yerl\u0259r G\u00fcn\u00fcn\u0259 h\u0259sr olunmu\u015f \u201cAbid\u0259l\u0259r v\u0259 tariximizin \u00f6yr\u0259nilm\u0259sind\u0259 onlar\u0131n \u0259h\u0259miyy\u0259ti\u201d m\u00f6vzusunda g\u0259nc t\u0259dqiqat\u00e7\u0131lar\u0131n respublika elmi konfrans\u0131 ke\u00e7irilmi\u015fdir. Bak\u0131 D\u00f6vl\u0259t Universitetinin T\u0259drisin t\u0259\u015fkili v\u0259 t\u0259lim texnologiyalar\u0131 \u00fczr\u0259 prorektoru F\u0259rda  \u0130manovun, Elmi f\u0259aliyy\u0259tin t\u0259\u015fkili v\u0259 innovasiyalar M\u0259rk\u0259zinin direktoru Mais S\u00fcleymanovun,  professor-m\u00fc\u0259llim hey\u0259ti, doktorant, magistrant v\u0259 t\u0259l\u0259b\u0259l\u0259ri, el\u0259c\u0259 d\u0259 m\u00fcxt\u0259lif elm-t\u0259hsil m\u00fc\u0259ssis\u0259l\u0259rind\u0259n olan  qonaqlar\u0131n\u0131n  i\u015ftirak etdiyi konfransda &#8220;Ke\u015fik\u00e7ida\u011f&#8221;D\u00f6vl\u0259t tarix-m\u0259d\u0259niyy\u0259t qoru\u011funun direktoru Musa Mursaquliyev 18 Aprel &#8220;Beyn\u0259lxalq Abid\u0259l\u0259r v\u0259 Tarixi Yerl\u0259r G\u00fcn\u00fc&#8221;  v\u0259 qoru\u011fun \u0259m\u0259kda\u015f\u0131 \u0130smay\u0131l Omarl\u0131 &#8220;Ke\u015fik\u00e7ida\u011f\u0131n arxeoloji potensial\u0131 v\u0259 elmi \u0259h\u0259miyy\u0259ti&#8221; adl\u0131 m\u0259qal\u0259 il\u0259 \u00e7\u0131x\u0131\u015f etmi\u015fl\u0259r. Konfrans\u0131n sonunda qoruq r\u0259hb\u0259rliyi v\u0259 \u0259m\u0259kda\u015f\u0131m\u0131za sertifikat verilmi\u015fdir.<\/p>\n<div class=\"gallerify-container\"><div class=\"gallerify\" data-allowfullscreen=\"true\" data-nav=\"thumbs\" data-keyboard=\"true\"  data-autoplay=\"false\" data-trackpad=\"false\" data-ratio=\"800\/500\" data-width=\"96%\"><img src=\"https:\/\/keshikchidagh-heritage.az\/wp-content\/uploads\/2025\/04\/54-2.jpg\" width=\"2048\" height=\"1536\" alt=\"\" data-skip-lazy=\"\" \/>\n<img src=\"https:\/\/keshikchidagh-heritage.az\/wp-content\/uploads\/2025\/04\/48-1.jpg\" width=\"1080\" height=\"608\" alt=\"\" data-skip-lazy=\"\" \/>\n<img src=\"https:\/\/keshikchidagh-heritage.az\/wp-content\/uploads\/2025\/04\/49-2.jpg\" width=\"1080\" height=\"608\" alt=\"\" data-skip-lazy=\"\" \/>\n<img src=\"https:\/\/keshikchidagh-heritage.az\/wp-content\/uploads\/2025\/04\/50-2.jpg\" width=\"2048\" height=\"1536\" alt=\"\" data-skip-lazy=\"\" \/>\n<img src=\"https:\/\/keshikchidagh-heritage.az\/wp-content\/uploads\/2025\/04\/52-2.jpg\" width=\"2048\" height=\"1153\" alt=\"\" data-skip-lazy=\"\" \/>\n<img src=\"https:\/\/keshikchidagh-heritage.az\/wp-content\/uploads\/2025\/04\/53-1.jpg\" width=\"2048\" height=\"1536\" alt=\"\" data-skip-lazy=\"\" \/>\n<\/div><\/div>\n","protected":false},"excerpt":{"rendered":"<p>18 aprel 2025-ci il tarixind\u0259 Bak\u0131 D\u00f6vl\u0259t Universitetinin Tarix fak\u00fclt\u0259sinin t\u0259\u015fkilat\u00e7\u0131l\u0131\u011f\u0131 il\u0259 18 aprel &#8211; Beyn\u0259lxalq Abid\u0259l\u0259r v\u0259 Tarixi Yerl\u0259r G\u00fcn\u00fcn\u0259 h\u0259sr olunmu\u015f \u201cAbid\u0259l\u0259r v\u0259 tariximizin \u00f6yr\u0259nilm\u0259sind\u0259 onlar\u0131n \u0259h\u0259miyy\u0259ti\u201d m\u00f6vzusunda g\u0259nc t\u0259dqiqat\u00e7\u0131&#8230;<\/p>\n","protected":false},"author":1,"featured_media":13055,"comment_status":"closed","ping_status":"closed","sticky":false,"template":"","format":"standard","meta":[],"categories":[5],"tags":[],"_links":{"self":[{"href":"https:\/\/keshikchidagh-heritage.az\/az\/wp-json\/wp\/v2\/posts\/13044"}],"collection":[{"href":"https:\/\/keshikchidagh-heritage.az\/az\/wp-json\/wp\/v2\/posts"}],"about":[{"href":"https:\/\/keshikchidagh-heritage.az\/az\/wp-json\/wp\/v2\/types\/post"}],"author":[{"embeddable":true,"href":"https:\/\/keshikchidagh-heritage.az\/az\/wp-json\/wp\/v2\/users\/1"}],"replies":[{"embeddable":true,"href":"https:\/\/keshikchidagh-heritage.az\/az\/wp-json\/wp\/v2\/comments?post=13044"}],"version-history":[{"count":7,"href":"https:\/\/keshikchidagh-heritage.az\/az\/wp-json\/wp\/v2\/posts\/13044\/revisions"}],"predecessor-version":[{"id":13132,"href":"https:\/\/keshikchidagh-heritage.az\/az\/wp-json\/wp\/v2\/posts\/13044\/revisions\/13132"}],"wp:featuredmedia":[{"embeddable":true,"href":"https:\/\/keshikchidagh-heritage.az\/az\/wp-json\/wp\/v2\/media\/13055"}],"wp:attachment":[{"href":"https:\/\/keshikchidagh-heritage.az\/az\/wp-json\/wp\/v2\/media?parent=13044"}],"wp:term":[{"taxonomy":"category","embeddable":true,"href":"https:\/\/keshikchidagh-heritage.az\/az\/wp-json\/wp\/v2\/categories?post=13044"},{"taxonomy":"post_tag","embeddable":true,"href":"https:\/\/keshikchidagh-heritage.az\/az\/wp-json\/wp\/v2\/tags?post=13044"}],"curies":[{"name":"wp","href":"https:\/\/api.w.org\/{rel}","templated":true}]}}