{"id":11528,"date":"2024-09-10T14:39:00","date_gmt":"2024-09-10T10:39:00","guid":{"rendered":"https:\/\/keshikchidagh-heritage.az\/?p=11528"},"modified":"2024-09-26T15:50:25","modified_gmt":"2024-09-26T11:50:25","slug":"kesikcidag-dovl%c9%99t-tarix-m%c9%99d%c9%99niyy%c9%99t-qorugu-v%c9%99-amea-nin-arxeologiya-v%c9%99-antropologiya-institututunun-birg%c9%99-t%c9%99skilatciligi-il%c9%99-aparilan-kesikcidagda-elmi","status":"publish","type":"post","link":"https:\/\/keshikchidagh-heritage.az\/az\/content\/11528","title":{"rendered":"\"Ke\u015fik\u00e7ida\u011f\" D\u00f6vl\u0259t tarix-m\u0259d\u0259niyy\u0259t qoru\u011fu v\u0259 AMEA-n\u0131n Arxeologiya v\u0259 Antropologiya \u0130nstitututunun birg\u0259 t\u0259\u015fkilat\u00e7\u0131l\u0131\u011f\u0131 il\u0259 apar\u0131lan \"Ke\u015fik\u00e7ida\u011fda elmi-arxeoloji qaz\u0131nt\u0131lar v\u0259 yay m\u0259kt\u0259bi-4\" adl\u0131 layih\u0259nin ilkin gedi\u015fat\u0131na h\u0259sr olunmu\u015f d\u0259yirmi masa ke\u00e7irilmi\u015fdir. "},"content":{"rendered":"<p>&#8220;Ke\u015fik\u00e7ida\u011f&#8221; D\u00f6vl\u0259t tarix-m\u0259d\u0259niyy\u0259t qoru\u011fu v\u0259 AMEA-n\u0131n Arxeologiya v\u0259 Antropologiya \u0130nstitututunun birg\u0259 t\u0259\u015fkilat\u00e7\u0131l\u0131\u011f\u0131 il\u0259 apar\u0131lan &#8220;Ke\u015fik\u00e7ida\u011fda elmi-arxeoloji qaz\u0131nt\u0131lar v\u0259 yay m\u0259kt\u0259bi-4&#8221; adl\u0131 layih\u0259nin ilkin gedi\u015fat\u0131na h\u0259sr olunmu\u015f d\u0259yirmi masa ke\u00e7irilmi\u015fdir. &#8220;Ke\u015fik\u00e7ida\u011f&#8221;D\u00f6vl\u0259t tarix-m\u0259d\u0259niyy\u0259t qoru\u011funun inzibati binas\u0131nda  t\u0259\u015fkil olunmu\u015f d\u0259yirmi masada AMEA-n\u0131n Arxeologiya v\u0259 Antropologiya \u0130nstitutunun apar\u0131c\u0131 elmi i\u015f\u00e7isi, tarix \u00fczr\u0259 f\u0259ls\u0259f\u0259 doktoru, dosent \u015eamil N\u0259c\u0259fov, tarix \u00fczr\u0259 f\u0259ls\u0259f\u0259 doktoru, dosent Vaqif \u018fs\u0259dov v\u0259  b\u0259rpa\u00e7\u0131-r\u0259ssam F\u0259rhad F\u0259rmanov i\u015ftirak\u0131 etmi\u015fl\u0259r. D\u0259yirmi masada ilk \u00f6nc\u0259 qoru\u011fun direktoru Musa Mursaquliyev \u00e7\u0131x\u0131\u015f ed\u0259r\u0259k &#8220;Ke\u015fik\u00e7ida\u011fda elmi-arxeoloji qaz\u0131nt\u0131lar v\u0259 yay m\u0259kt\u0259bi -4&#8221; adl\u0131 layih\u0259nin  \u0259h\u0259miyy\u0259tind\u0259n dan\u0131\u015fm\u0131\u015fd\u0131r. Daha sonra qaz\u0131nt\u0131lara r\u0259hb\u0259rlik ed\u0259n aliml\u0259r Ke\u015fik\u00e7ida\u011f Kurqanlar Vadisind\u0259 yerl\u0259\u015f\u0259n kurqanlarda apar\u0131lan arxeoloji t\u0259dqiqatlardan b\u0259hs etmi\u015fl\u0259r.<br \/>\n<div class=\"gallerify-container\"><div class=\"gallerify\" data-allowfullscreen=\"true\" data-nav=\"thumbs\" data-keyboard=\"true\"  data-autoplay=\"false\" data-trackpad=\"false\" data-ratio=\"800\/500\" data-width=\"96%\"><img src=\"https:\/\/keshikchidagh-heritage.az\/wp-content\/uploads\/2024\/09\/23.jpg\" width=\"2048\" height=\"945\" alt=\"\" data-skip-lazy=\"\" \/>\n<img src=\"https:\/\/keshikchidagh-heritage.az\/wp-content\/uploads\/2024\/09\/18.jpg\" width=\"2048\" height=\"945\" alt=\"\" data-skip-lazy=\"\" \/>\n<img src=\"https:\/\/keshikchidagh-heritage.az\/wp-content\/uploads\/2024\/09\/19.jpg\" width=\"1621\" height=\"1128\" alt=\"\" data-skip-lazy=\"\" \/>\n<img src=\"https:\/\/keshikchidagh-heritage.az\/wp-content\/uploads\/2024\/09\/20.jpg\" width=\"2048\" height=\"945\" alt=\"\" data-skip-lazy=\"\" \/>\n<img src=\"https:\/\/keshikchidagh-heritage.az\/wp-content\/uploads\/2024\/09\/21.jpg\" width=\"2048\" height=\"945\" alt=\"\" data-skip-lazy=\"\" \/>\n<img src=\"https:\/\/keshikchidagh-heritage.az\/wp-content\/uploads\/2024\/09\/22.jpg\" width=\"2048\" height=\"1121\" alt=\"\" data-skip-lazy=\"\" \/>\n<\/div><\/div><\/p>\n","protected":false},"excerpt":{"rendered":"<p>&#8220;Ke\u015fik\u00e7ida\u011f&#8221; D\u00f6vl\u0259t tarix-m\u0259d\u0259niyy\u0259t qoru\u011fu v\u0259 AMEA-n\u0131n Arxeologiya v\u0259 Antropologiya \u0130nstitututunun birg\u0259 t\u0259\u015fkilat\u00e7\u0131l\u0131\u011f\u0131 il\u0259 apar\u0131lan &#8220;Ke\u015fik\u00e7ida\u011fda elmi-arxeoloji qaz\u0131nt\u0131lar v\u0259 yay m\u0259kt\u0259bi-4&#8221; adl\u0131 layih\u0259nin ilkin gedi\u015fat\u0131na h\u0259sr olunmu\u015f d\u0259yirmi masa &#8230;<\/p>\n","protected":false},"author":1,"featured_media":11533,"comment_status":"closed","ping_status":"closed","sticky":false,"template":"","format":"standard","meta":[],"categories":[5],"tags":[],"_links":{"self":[{"href":"https:\/\/keshikchidagh-heritage.az\/az\/wp-json\/wp\/v2\/posts\/11528"}],"collection":[{"href":"https:\/\/keshikchidagh-heritage.az\/az\/wp-json\/wp\/v2\/posts"}],"about":[{"href":"https:\/\/keshikchidagh-heritage.az\/az\/wp-json\/wp\/v2\/types\/post"}],"author":[{"embeddable":true,"href":"https:\/\/keshikchidagh-heritage.az\/az\/wp-json\/wp\/v2\/users\/1"}],"replies":[{"embeddable":true,"href":"https:\/\/keshikchidagh-heritage.az\/az\/wp-json\/wp\/v2\/comments?post=11528"}],"version-history":[{"count":13,"href":"https:\/\/keshikchidagh-heritage.az\/az\/wp-json\/wp\/v2\/posts\/11528\/revisions"}],"predecessor-version":[{"id":11693,"href":"https:\/\/keshikchidagh-heritage.az\/az\/wp-json\/wp\/v2\/posts\/11528\/revisions\/11693"}],"wp:featuredmedia":[{"embeddable":true,"href":"https:\/\/keshikchidagh-heritage.az\/az\/wp-json\/wp\/v2\/media\/11533"}],"wp:attachment":[{"href":"https:\/\/keshikchidagh-heritage.az\/az\/wp-json\/wp\/v2\/media?parent=11528"}],"wp:term":[{"taxonomy":"category","embeddable":true,"href":"https:\/\/keshikchidagh-heritage.az\/az\/wp-json\/wp\/v2\/categories?post=11528"},{"taxonomy":"post_tag","embeddable":true,"href":"https:\/\/keshikchidagh-heritage.az\/az\/wp-json\/wp\/v2\/tags?post=11528"}],"curies":[{"name":"wp","href":"https:\/\/api.w.org\/{rel}","templated":true}]}}