{"id":11464,"date":"2024-08-23T13:04:30","date_gmt":"2024-08-23T09:04:30","guid":{"rendered":"https:\/\/keshikchidagh-heritage.az\/?p=11464"},"modified":"2024-08-28T16:26:36","modified_gmt":"2024-08-28T12:26:36","slug":"since-the-day-the-reserve-was-created-scientific-research-and-archaeological-excavations-have-been-carried-out-in-the-area-in-recent-years-and-rich-material-and-cultural-samples-have-been-obtained","status":"publish","type":"post","link":"https:\/\/keshikchidagh-heritage.az\/az\/content\/11464","title":{"rendered":"Qoruq yarand\u0131\u011f\u0131 g\u00fcnd\u0259n etibar\u0259n \u0259razid\u0259 apar\u0131lan elmi-t\u0259dqiqat v\u0259 arxeoloji qaz\u0131nt\u0131 i\u015fl\u0259ri son ill\u0259r geni\u015f v\u00fcs\u0259t alm\u0131\u015f, z\u0259ngin maddi-m\u0259d\u0259niyy\u0259t n\u00fcmun\u0259l\u0259ri \u0259ld\u0259 olunmu\u015fdur."},"content":{"rendered":"<p>Qoruq yarand\u0131\u011f\u0131 g\u00fcnd\u0259n etibar\u0259n \u0259razid\u0259 apar\u0131lan elmi-t\u0259dqiqat v\u0259 arxeoloji qaz\u0131nt\u0131 i\u015fl\u0259ri son ill\u0259r geni\u015f v\u00fcs\u0259t alm\u0131\u015f, z\u0259ngin maddi-m\u0259d\u0259niyy\u0259t n\u00fcmun\u0259l\u0259ri \u0259ld\u0259 olunmu\u015fdur.<br \/>\nCari ilin iyul-avqust aylar\u0131nda Az\u0259rbaycan Respublikas\u0131 M\u0259d\u0259niyy\u0259t Nazirliyi yan\u0131nda M\u0259d\u0259ni \u0130rsin Qorunmas\u0131, \u0130nki\u015faf\u0131 v\u0259 B\u0259rpas\u0131 \u00fczr\u0259 D\u00f6vl\u0259t Xidm\u0259ti v\u0259 AMEA-n\u0131n Arxeologiya v\u0259 Antropologiya \u0130nstitutunun birg\u0259 t\u0259\u015fkilat\u00e7\u0131l\u0131\u011f\u0131 il\u0259 Candar g\u00f6l\u00fcnd\u0259n 950 m c\u0259nubda Candarg\u00f6l v\u0259 Ke\u015fik\u00e7ida\u011f Kurqanlar Vadisind\u0259 yerl\u0259\u015f\u0259n Sar\u0131soy kurqanlar\u0131nda arxeoloji qaz\u0131nt\u0131, o c\u00fcml\u0259d\u0259n elmi t\u0259dqiqat i\u015fl\u0259ri apar\u0131lm\u0131\u015fd\u0131r. \u018frazid\u0259 apar\u0131lan t\u0259dqiqatlar\u0131n birinci m\u0259rh\u0259l\u0259si art\u0131q yekunla\u015fm\u0131\u015fd\u0131r. Arxeoloji qaz\u0131nt\u0131lar n\u0259tic\u0259sind\u0259 \u0259ld\u0259 olunmu\u015f artefaktlar Az\u0259rbaycan Respublikas\u0131n\u0131n Ba\u015f Nazirinin 19 sentyabr 2008-ci il tarixli 220 sayl\u0131 q\u0259rar\u0131n\u0131n 2.1.8 v\u0259 2.1.9 b\u0259ndin\u0259 \u0259sas\u0259n qoru\u011fun fonduna daxil edilir. Bu maddi-m\u0259d\u0259niyy\u0259t n\u00fcmun\u0259l\u0259rinin arxeoloqlar\u0131n r\u0259yin\u0259 \u0259sas\u0259n t\u0259hvil-t\u0259slim v\u0259 daxili akt\u0131 t\u0259rtib olunaraq \u00f6l\u00e7\u00fcl\u0259ri g\u00f6t\u00fcr\u00fcl\u00fcr. Sonda artefaktlar\u0131n foto\u015f\u0259kill\u0259ri \u00e7\u0259kil\u0259r\u0259k pasportla\u015fmas\u0131 h\u0259yata ke\u00e7irilir.<br \/>\n <div class=\"gallerify-container\"><div class=\"gallerify\" data-allowfullscreen=\"true\" data-nav=\"thumbs\" data-keyboard=\"true\"  data-autoplay=\"false\" data-trackpad=\"false\" data-ratio=\"800\/500\" data-width=\"96%\"><img src=\"https:\/\/keshikchidagh-heritage.az\/wp-content\/uploads\/2024\/08\/59.jpg\" width=\"2048\" height=\"1152\" alt=\"\" data-skip-lazy=\"\" \/>\n<img src=\"https:\/\/keshikchidagh-heritage.az\/wp-content\/uploads\/2024\/08\/55.jpg\" width=\"2048\" height=\"1152\" alt=\"\" data-skip-lazy=\"\" \/>\n<img src=\"https:\/\/keshikchidagh-heritage.az\/wp-content\/uploads\/2024\/08\/56.jpg\" width=\"2048\" height=\"1152\" alt=\"\" data-skip-lazy=\"\" \/>\n<img src=\"https:\/\/keshikchidagh-heritage.az\/wp-content\/uploads\/2024\/08\/57.jpg\" width=\"2048\" height=\"1152\" alt=\"\" data-skip-lazy=\"\" \/>\n<img src=\"https:\/\/keshikchidagh-heritage.az\/wp-content\/uploads\/2024\/08\/58.jpg\" width=\"960\" height=\"540\" alt=\"\" data-skip-lazy=\"\" \/>\n<\/div><\/div><\/p>\n","protected":false},"excerpt":{"rendered":"<p>Qoruq yarand\u0131\u011f\u0131 g\u00fcnd\u0259n etibar\u0259n \u0259razid\u0259 apar\u0131lan elmi-t\u0259dqiqat v\u0259 arxeoloji qaz\u0131nt\u0131 i\u015fl\u0259ri son ill\u0259r geni\u015f v\u00fcs\u0259t alm\u0131\u015f, z\u0259ngin maddi-m\u0259d\u0259niyy\u0259t n\u00fcmun\u0259l\u0259ri \u0259ld\u0259 olunmu\u015fdur.<br \/>\nCari ilin iyul-avqust aylar\u0131nda Az\u0259rbaycan Respublikas\u0131 M\u0259d\u0259niyy\u0259t Nazirliyi y&#8230;<\/p>\n","protected":false},"author":1,"featured_media":11469,"comment_status":"closed","ping_status":"closed","sticky":false,"template":"","format":"standard","meta":[],"categories":[5],"tags":[],"_links":{"self":[{"href":"https:\/\/keshikchidagh-heritage.az\/az\/wp-json\/wp\/v2\/posts\/11464"}],"collection":[{"href":"https:\/\/keshikchidagh-heritage.az\/az\/wp-json\/wp\/v2\/posts"}],"about":[{"href":"https:\/\/keshikchidagh-heritage.az\/az\/wp-json\/wp\/v2\/types\/post"}],"author":[{"embeddable":true,"href":"https:\/\/keshikchidagh-heritage.az\/az\/wp-json\/wp\/v2\/users\/1"}],"replies":[{"embeddable":true,"href":"https:\/\/keshikchidagh-heritage.az\/az\/wp-json\/wp\/v2\/comments?post=11464"}],"version-history":[{"count":8,"href":"https:\/\/keshikchidagh-heritage.az\/az\/wp-json\/wp\/v2\/posts\/11464\/revisions"}],"predecessor-version":[{"id":11481,"href":"https:\/\/keshikchidagh-heritage.az\/az\/wp-json\/wp\/v2\/posts\/11464\/revisions\/11481"}],"wp:featuredmedia":[{"embeddable":true,"href":"https:\/\/keshikchidagh-heritage.az\/az\/wp-json\/wp\/v2\/media\/11469"}],"wp:attachment":[{"href":"https:\/\/keshikchidagh-heritage.az\/az\/wp-json\/wp\/v2\/media?parent=11464"}],"wp:term":[{"taxonomy":"category","embeddable":true,"href":"https:\/\/keshikchidagh-heritage.az\/az\/wp-json\/wp\/v2\/categories?post=11464"},{"taxonomy":"post_tag","embeddable":true,"href":"https:\/\/keshikchidagh-heritage.az\/az\/wp-json\/wp\/v2\/tags?post=11464"}],"curies":[{"name":"wp","href":"https:\/\/api.w.org\/{rel}","templated":true}]}}