{"id":11170,"date":"2024-07-08T10:54:13","date_gmt":"2024-07-08T06:54:13","guid":{"rendered":"https:\/\/keshikchidagh-heritage.az\/?p=11170"},"modified":"2024-08-01T10:57:24","modified_gmt":"2024-08-01T06:57:24","slug":"keshikchidagh-in-the-international-arena-4","status":"publish","type":"post","link":"https:\/\/keshikchidagh-heritage.az\/az\/content\/11170","title":{"rendered":"Ke\u015fik\u00e7ida\u011f beyn\u0259lxalq arenada..."},"content":{"rendered":"<p>Ke\u015fik\u00e7ida\u011f beyn\u0259lxalq arenada&#8230;<br \/>\nQoru\u011fun beyn\u0259lxalq arenada tan\u0131d\u0131lmas\u0131 m\u0259qs\u0259dil\u0259 qoruq m\u00fct\u0259madi olaraq xarici konfranslarda i\u015ftirak edir. Buna m\u00fcvafiq olaraq qoru\u011fun direktoru Musa Mursaquliyev 1-3 iyul 2024-c\u00fc il tarixind\u0259 Fransan\u0131n Paris \u015f\u0259h\u0259rind\u0259 \u015f\u0259h\u0259rind\u0259 ke\u00e7iril\u0259n 12-th International Atlas Congress on Advanced Scientific Studies and Interdisciplinary Research adl\u0131 konfransda &#8220;Az\u0259rbaycan\u0131n Alban m\u0259b\u0259dl\u0259ri v\u0259 onun tarixi \u0259h\u0259miyy\u0259ti&#8221; adl\u0131 m\u0259qal\u0259 il\u0259 i\u015ftirak etmi\u015fdir (onlayn \u015f\u0259kild\u0259). Sonda konfrans t\u0259\u015fkilat\u00e7\u0131lar\u0131 t\u0259r\u0259find\u0259n qoruq r\u0259hb\u0259rliyin\u0259 Sertifikat g\u00f6nd\u0259rilmi\u015fdir.<\/p>\n<div class=\"gallerify-container\"><div class=\"gallerify\" data-allowfullscreen=\"true\" data-nav=\"thumbs\" data-keyboard=\"true\"  data-autoplay=\"false\" data-trackpad=\"false\" data-ratio=\"800\/500\" data-width=\"96%\"><img src=\"https:\/\/keshikchidagh-heritage.az\/wp-content\/uploads\/2024\/07\/19.jpg\" width=\"932\" height=\"1336\" alt=\"\" data-skip-lazy=\"\" \/>\n<img src=\"https:\/\/keshikchidagh-heritage.az\/wp-content\/uploads\/2024\/07\/16.jpg\" width=\"938\" height=\"658\" alt=\"\" data-skip-lazy=\"\" \/>\n<img src=\"https:\/\/keshikchidagh-heritage.az\/wp-content\/uploads\/2024\/07\/17.jpg\" width=\"1080\" height=\"1369\" alt=\"\" data-skip-lazy=\"\" \/>\n<img src=\"https:\/\/keshikchidagh-heritage.az\/wp-content\/uploads\/2024\/07\/18.jpg\" width=\"1080\" height=\"1403\" alt=\"\" data-skip-lazy=\"\" \/>\n<\/div><\/div>\n","protected":false},"excerpt":{"rendered":"<p>Ke\u015fik\u00e7ida\u011f beyn\u0259lxalq arenada&#8230;<br \/>\nQoru\u011fun beyn\u0259lxalq arenada tan\u0131d\u0131lmas\u0131 m\u0259qs\u0259dil\u0259 qoruq m\u00fct\u0259madi olaraq xarici konfranslarda i\u015ftirak edir. Buna m\u00fcvafiq olaraq qoru\u011fun direktoru Musa Mursaquliyev 1-3 iyul 2024-c\u00fc il tarixind\u0259 Fransan\u0131n Paris \u015f\u0259h\u0259rind\u0259&#8230;<\/p>\n","protected":false},"author":1,"featured_media":11172,"comment_status":"closed","ping_status":"closed","sticky":false,"template":"","format":"standard","meta":[],"categories":[5],"tags":[],"_links":{"self":[{"href":"https:\/\/keshikchidagh-heritage.az\/az\/wp-json\/wp\/v2\/posts\/11170"}],"collection":[{"href":"https:\/\/keshikchidagh-heritage.az\/az\/wp-json\/wp\/v2\/posts"}],"about":[{"href":"https:\/\/keshikchidagh-heritage.az\/az\/wp-json\/wp\/v2\/types\/post"}],"author":[{"embeddable":true,"href":"https:\/\/keshikchidagh-heritage.az\/az\/wp-json\/wp\/v2\/users\/1"}],"replies":[{"embeddable":true,"href":"https:\/\/keshikchidagh-heritage.az\/az\/wp-json\/wp\/v2\/comments?post=11170"}],"version-history":[{"count":4,"href":"https:\/\/keshikchidagh-heritage.az\/az\/wp-json\/wp\/v2\/posts\/11170\/revisions"}],"predecessor-version":[{"id":11291,"href":"https:\/\/keshikchidagh-heritage.az\/az\/wp-json\/wp\/v2\/posts\/11170\/revisions\/11291"}],"wp:featuredmedia":[{"embeddable":true,"href":"https:\/\/keshikchidagh-heritage.az\/az\/wp-json\/wp\/v2\/media\/11172"}],"wp:attachment":[{"href":"https:\/\/keshikchidagh-heritage.az\/az\/wp-json\/wp\/v2\/media?parent=11170"}],"wp:term":[{"taxonomy":"category","embeddable":true,"href":"https:\/\/keshikchidagh-heritage.az\/az\/wp-json\/wp\/v2\/categories?post=11170"},{"taxonomy":"post_tag","embeddable":true,"href":"https:\/\/keshikchidagh-heritage.az\/az\/wp-json\/wp\/v2\/tags?post=11170"}],"curies":[{"name":"wp","href":"https:\/\/api.w.org\/{rel}","templated":true}]}}