{"id":10654,"date":"2023-12-19T13:03:46","date_gmt":"2023-12-19T09:03:46","guid":{"rendered":"https:\/\/keshikchidagh-heritage.az\/?p=10654"},"modified":"2024-03-19T13:11:13","modified_gmt":"2024-03-19T09:11:13","slug":"this-picture-tells-us-a-lot","status":"publish","type":"post","link":"https:\/\/keshikchidagh-heritage.az\/az\/content\/10654","title":{"rendered":"Bu \u015f\u0259kil biz\u0259 \u00e7ox \u015fey dan\u0131\u015f\u0131r."},"content":{"rendered":"<p>Bu \u015f\u0259kil biz\u0259 \u00e7ox \u015fey dan\u0131\u015f\u0131r.<br \/>\n19 dekabr 2007-ci il.<br \/>\n\u00d6lk\u0259 Prezidenti c\u0259nab \u0130lham \u018fliyevin 2563 sayl\u0131 s\u0259r\u0259ncam\u0131na \u0259sas\u0259n \u201cKe\u015fik\u00e7ida\u011f\u201d D\u00f6vl\u0259t tarix-m\u0259d\u0259niyy\u0259t qoru\u011fu yarad\u0131ld\u0131. \u201cKe\u015fik\u00e7ida\u011f\u201d D\u00f6vl\u0259t tarix-m\u0259d\u0259niyy\u0259t qoru\u011fu &#8211; Candarg\u00f6l\u00fcn 15 km \u015fimal-\u015f\u0259rq  istiqam\u0259tind\u0259n ba\u015flayaraq d\u0259niz s\u0259viyy\u0259sind\u0259n 750-950 m h\u00fcnd\u00fcrl\u00fckd\u0259, da\u011flar\u0131n c\u0259nub v\u0259 c\u0259nub-q\u0259rb t\u0259r\u0259find\u0259ki s\u0131ld\u0131r\u0131m qayal\u0131qlarda yerl\u0259\u015f\u0259n ma\u011fara-m\u0259b\u0259dl\u0259r kompleksi. Ma\u011faralar kompleksind\u0259n ba\u015flayaraq \u00fcz\u00fc 10 km c\u0259nuba do\u011fru  ya\u015f\u0131 son tunc-erk\u0259n d\u0259mir d\u00f6vr\u00fc, e.\u0259 II minilliyin sonu-I minilliyin  \u0259vv\u0259ll\u0259rin\u0259 aid 100-\u0259 q\u0259d\u0259r kurqan,    \u00fcmumilikd\u0259 334 \u0259d\u0259d memarl\u0131q, arxeoloji, dini, t\u0259bi\u0259t v\u0259 xatir\u0259 abid\u0259si. Tariximizin ya\u015fad\u0131ld\u0131\u011f\u0131 m\u0259kan, \u0259srar\u0259ngiz g\u00f6z\u0259llikl\u0259ri il\u0259 se\u00e7il\u0259n,   ulu  babalar\u0131m\u0131z\u0131n  s\u0131\u011f\u0131nacaq  yeri olan Ke\u015fik\u00e7ida\u011f.  Kort\u0259bii \u015f\u0259kild\u0259 ya\u015fayan  \u0259cdadlar\u0131m\u0131z\u0131n v\u0259h\u015fi  heyvanlardan, t\u0259bi\u0259tin \u015f\u0131ltaql\u0131qlar\u0131ndan qorunmaq \u00fc\u00e7\u00fcn \u00fcz tutdu\u011fu ilk insan  m\u0259sk\u0259nl\u0259rind\u0259n biri. \u00d6z\u00fcn\u0259m\u0259xsus \u0259z\u0259m\u0259tli g\u00f6r\u00fcn\u00fc\u015f\u00fc il\u0259 ham\u0131n\u0131 \u00f6z\u00fcn\u0259  valeh ed\u0259n, q\u0259dim yurdun da\u015f kitab\u0259si hesab edil\u0259n   abid\u0259.  Minillikl\u0259r boyu bu torpaqlar  n\u0259inki Aya, G\u00fcn\u0259\u015f\u0259  tap\u0131nanlar\u0131, at\u0259\u015fp\u0259r\u0259stl\u0259rin, h\u0259m\u00e7inin xa\u00e7p\u0259r\u0259stl\u0259rin v\u0259 dig\u0259r dini etiqadlar\u0131n p\u0259nah g\u0259tirdiyi ibad\u0259t m\u0259sk\u0259ni olmu\u015fdur.<br \/>\n \u201cKe\u015fik\u00e7ida\u011f\u201d D\u00f6vl\u0259t tarix-m\u0259d\u0259niyy\u0259t qoru\u011fu \u0259razisind\u0259ki qaranl\u0131q ma\u011faralarda zaman\u0131n gizli  s\u0259hif\u0259l\u0259rind\u0259 gizl\u0259nmi\u015f tarixi h\u0259qiq\u0259tl\u0259ri ara\u015fd\u0131rmaq, \u00f6yr\u0259nm\u0259k \u00fc\u00e7\u00fcn bu abid\u0259l\u0259r kompleksini yaln\u0131z g\u00f6rm\u0259k, m\u00fc\u015fahid\u0259 etm\u0259k azd\u0131r, \u201conlar\u0131 hiss etm\u0259k, e\u015fitm\u0259k, dinl\u0259m\u0259k laz\u0131md\u0131r\u201d. \u018fsrl\u0259r \u00f6ts\u0259, zaman ke\u00e7s\u0259 d\u0259 tarixin bu dilsiz, ancaq m\u00f6ht\u0259\u015f\u0259m  v\u0259 \u0259v\u0259zolunmaz yadigar\u0131 \u00f6z g\u00f6z\u0259lliyini, q\u0259dimliyini , tarixiliyini itirmir. Tariximizi g\u00f6rm\u0259k ist\u0259y\u0259n h\u0259r k\u0259si qoru\u011fumuzda g\u00f6zl\u0259yirik.<br \/>\n<div class=\"gallerify-container\"><div class=\"gallerify\" data-allowfullscreen=\"true\" data-nav=\"thumbs\" data-keyboard=\"true\"  data-autoplay=\"false\" data-trackpad=\"false\" data-ratio=\"800\/500\" data-width=\"96%\"><img src=\"https:\/\/keshikchidagh-heritage.az\/wp-content\/uploads\/2024\/03\/411042462_833670805108568_2282514435882271262_n.jpg\" width=\"1080\" height=\"756\" alt=\"\" data-skip-lazy=\"\" \/>\n<\/div><\/div><\/p>\n","protected":false},"excerpt":{"rendered":"<p>Bu \u015f\u0259kil biz\u0259 \u00e7ox \u015fey dan\u0131\u015f\u0131r.<br \/>\n19 dekabr 2007-ci il.<br \/>\n\u00d6lk\u0259 Prezidenti c\u0259nab \u0130lham \u018fliyevin 2563 sayl\u0131 s\u0259r\u0259ncam\u0131na \u0259sas\u0259n \u201cKe\u015fik\u00e7ida\u011f\u201d D\u00f6vl\u0259t tarix-m\u0259d\u0259niyy\u0259t qoru\u011fu yarad\u0131ld\u0131. \u201cKe\u015fik\u00e7ida\u011f\u201d D\u00f6vl\u0259t tarix-m\u0259d\u0259niyy\u0259t qoru\u011fu &#8211; Candarg\u00f6l\u00fcn 15 km \u015fimal-\u015f\u0259rq &#8230;<\/p>\n","protected":false},"author":1,"featured_media":10641,"comment_status":"closed","ping_status":"closed","sticky":false,"template":"","format":"standard","meta":[],"categories":[5],"tags":[],"_links":{"self":[{"href":"https:\/\/keshikchidagh-heritage.az\/az\/wp-json\/wp\/v2\/posts\/10654"}],"collection":[{"href":"https:\/\/keshikchidagh-heritage.az\/az\/wp-json\/wp\/v2\/posts"}],"about":[{"href":"https:\/\/keshikchidagh-heritage.az\/az\/wp-json\/wp\/v2\/types\/post"}],"author":[{"embeddable":true,"href":"https:\/\/keshikchidagh-heritage.az\/az\/wp-json\/wp\/v2\/users\/1"}],"replies":[{"embeddable":true,"href":"https:\/\/keshikchidagh-heritage.az\/az\/wp-json\/wp\/v2\/comments?post=10654"}],"version-history":[{"count":3,"href":"https:\/\/keshikchidagh-heritage.az\/az\/wp-json\/wp\/v2\/posts\/10654\/revisions"}],"predecessor-version":[{"id":10658,"href":"https:\/\/keshikchidagh-heritage.az\/az\/wp-json\/wp\/v2\/posts\/10654\/revisions\/10658"}],"wp:featuredmedia":[{"embeddable":true,"href":"https:\/\/keshikchidagh-heritage.az\/az\/wp-json\/wp\/v2\/media\/10641"}],"wp:attachment":[{"href":"https:\/\/keshikchidagh-heritage.az\/az\/wp-json\/wp\/v2\/media?parent=10654"}],"wp:term":[{"taxonomy":"category","embeddable":true,"href":"https:\/\/keshikchidagh-heritage.az\/az\/wp-json\/wp\/v2\/categories?post=10654"},{"taxonomy":"post_tag","embeddable":true,"href":"https:\/\/keshikchidagh-heritage.az\/az\/wp-json\/wp\/v2\/tags?post=10654"}],"curies":[{"name":"wp","href":"https:\/\/api.w.org\/{rel}","templated":true}]}}