{"id":10541,"date":"2023-12-11T15:22:33","date_gmt":"2023-12-11T11:22:33","guid":{"rendered":"https:\/\/keshikchidagh-heritage.az\/?p=10541"},"modified":"2023-12-12T15:28:47","modified_gmt":"2023-12-12T11:28:47","slug":"butun-sah%c9%99l%c9%99rd%c9%99-oldugu-kimi-umummilli-lider-heyd%c9%99r-%c9%99liyevin-az%c9%99rbaycanin-t%c9%99bi%c9%99tin%c9%99-qaygisi-bir-ovladin-anasina-gost%c9%99rdiyi-qaygi-q%c9%99d%c9%99r-s","status":"publish","type":"post","link":"https:\/\/keshikchidagh-heritage.az\/az\/content\/10541","title":{"rendered":"B\u00fct\u00fcn sah\u0259l\u0259rd\u0259 oldu\u011fu kimi \u00dcmummilli lider Heyd\u0259r \u018fliyevin Az\u0259rbaycan\u0131n  t\u0259bi\u0259tin\u0259 qay\u011f\u0131s\u0131 bir \u00f6vlad\u0131n anas\u0131na g\u00f6st\u0259rdiyi qay\u011f\u0131 q\u0259d\u0259r s\u0259mimi, t\u0259m\u0259nnas\u0131z olmu\u015fdur .\u00c7\u00fcnki \u0259sas ideya uzaqg\u00f6r\u0259n v\u0259 saf niyy\u0259t\u0259 xidm\u0259t etmi\u015f,  \u00f6lk\u0259mizd\u0259 ya\u015f\u0131lla\u015fd\u0131rma k\u00fctl\u0259vi, stabil v\u0259 davaml\u0131 proses\u0259, v\u0259t\u0259nda\u015f v\u0259rdi\u015fin\u0259 \u00e7evrilmi\u015fdir"},"content":{"rendered":"<p>B\u00fct\u00fcn sah\u0259l\u0259rd\u0259 oldu\u011fu kimi \u00dcmummilli lider Heyd\u0259r \u018fliyevin Az\u0259rbaycan\u0131n  t\u0259bi\u0259tin\u0259 qay\u011f\u0131s\u0131 bir \u00f6vlad\u0131n anas\u0131na g\u00f6st\u0259rdiyi qay\u011f\u0131 q\u0259d\u0259r s\u0259mimi, t\u0259m\u0259nnas\u0131z olmu\u015fdur . \u00c7\u00fcnki \u0259sas ideya uzaqg\u00f6r\u0259n v\u0259 saf niyy\u0259t\u0259 xidm\u0259t etmi\u015f,  \u00f6lk\u0259mizd\u0259 ya\u015f\u0131lla\u015fd\u0131rma k\u00fctl\u0259vi, stabil v\u0259 davaml\u0131 proses\u0259, v\u0259t\u0259nda\u015f v\u0259rdi\u015fin\u0259 \u00e7evrilmi\u015fdir.\u00d6lk\u0259mizd\u0259 2023-c\u00fc ilin  \u201cHeyd\u0259r \u018fliyev ili\u201d elan edilm\u0259si il\u0259 ba\u011fl\u0131 \u201cKe\u015fik\u00e7ida\u011f\u201d D\u00f6vl\u0259t tarix-m\u0259d\u0259niyy\u0259t qoru\u011fu olaraq silsil\u0259 t\u0259dbirl\u0259r h\u0259yata ke\u00e7irilmi\u015fdir. Bu t\u0259dbirl\u0259rin davam\u0131 olaraq 08.12.2023-c\u00fc il tarixind\u0259  \u201cKe\u015fik\u00e7ida\u011f\u201d  D\u00f6vl\u0259t tarix-m\u0259d\u0259niyy\u0259t qoru\u011fu t\u0259r\u0259find\u0259n \u00dcmummilli lider Heyd\u0259r \u018fliyevin 100 illiyin\u0259 h\u0259sr edil\u0259n \u201c100 a\u011fac \u0259k\u0259k\u201d devizi alt\u0131nda a\u011fac\u0259km\u0259 aksiyas\u0131 h\u0259yata ke\u00e7irilmi\u015fdir. \u201cKe\u015fik\u00e7ida\u011f\u201d D\u00f6vl\u0259t tarix-m\u0259d\u0259niyy\u0259t qoru\u011funun \u0259razisind\u0259 yerl\u0259\u015f\u0259n \u201c\u0130lham \u018fliyev ad\u0131na zirv\u0259\u201d nin \u0259traf\u0131nda sal\u0131nm\u0131\u015f \u201cBadam ba\u011f\u0131n\u201dda \u0259razinin land\u015faft\u0131na uy\u011fun olaraq  badam v\u0259 \u015fam a\u011faclar\u0131 \u0259kilmi\u015fdir. <div class=\"gallerify-container\"><div class=\"gallerify\" data-allowfullscreen=\"true\" data-nav=\"thumbs\" data-keyboard=\"true\"  data-autoplay=\"false\" data-trackpad=\"false\" data-ratio=\"800\/500\" data-width=\"96%\"><img src=\"https:\/\/keshikchidagh-heritage.az\/wp-content\/uploads\/2023\/12\/37-1.jpg\" width=\"1387\" height=\"640\" alt=\"\" data-skip-lazy=\"\" \/>\n<img src=\"https:\/\/keshikchidagh-heritage.az\/wp-content\/uploads\/2023\/12\/38.jpg\" width=\"1387\" height=\"640\" alt=\"\" data-skip-lazy=\"\" \/>\n<img src=\"https:\/\/keshikchidagh-heritage.az\/wp-content\/uploads\/2023\/12\/39.jpg\" width=\"1280\" height=\"605\" alt=\"\" data-skip-lazy=\"\" \/>\n<img src=\"https:\/\/keshikchidagh-heritage.az\/wp-content\/uploads\/2023\/12\/40.jpg\" width=\"1280\" height=\"605\" alt=\"\" data-skip-lazy=\"\" \/>\n<img src=\"https:\/\/keshikchidagh-heritage.az\/wp-content\/uploads\/2023\/12\/41.jpg\" width=\"1280\" height=\"605\" alt=\"\" data-skip-lazy=\"\" \/>\n<img src=\"https:\/\/keshikchidagh-heritage.az\/wp-content\/uploads\/2023\/12\/42.jpg\" width=\"1280\" height=\"605\" alt=\"\" data-skip-lazy=\"\" \/>\n<img src=\"https:\/\/keshikchidagh-heritage.az\/wp-content\/uploads\/2023\/12\/43.jpg\" width=\"1280\" height=\"605\" alt=\"\" data-skip-lazy=\"\" \/>\n<img src=\"https:\/\/keshikchidagh-heritage.az\/wp-content\/uploads\/2023\/12\/44.jpg\" width=\"1600\" height=\"738\" alt=\"\" data-skip-lazy=\"\" \/>\n<img src=\"https:\/\/keshikchidagh-heritage.az\/wp-content\/uploads\/2023\/12\/45.jpg\" width=\"1280\" height=\"605\" alt=\"\" data-skip-lazy=\"\" \/>\n<img src=\"https:\/\/keshikchidagh-heritage.az\/wp-content\/uploads\/2023\/12\/46.jpg\" width=\"1280\" height=\"605\" alt=\"\" data-skip-lazy=\"\" \/>\n<img src=\"https:\/\/keshikchidagh-heritage.az\/wp-content\/uploads\/2023\/12\/47.jpg\" width=\"1280\" height=\"605\" alt=\"\" data-skip-lazy=\"\" \/>\n<\/div><\/div>Aksiyan\u0131n ke\u00e7irilm\u0259sind\u0259  \u0259sas m\u0259qs\u0259di \u00dcmummilli lider Heyd\u0259r \u018fliyev irsinin o c\u00fcml\u0259d\u0259n maddi irsimizin t\u0259bli\u011fi i\u015finin geni\u015fl\u0259ndirilm\u0259si, h\u0259m\u00e7inin \u0259traf m\u00fchitin m\u00fchafiz\u0259sinin vacibliyini insanlar\u0131n, x\u00fcsusil\u0259, g\u0259nc n\u0259slin diqq\u0259tin\u0259 \u00e7atd\u0131rmaqd\u0131r.<\/p>\n","protected":false},"excerpt":{"rendered":"<p>B\u00fct\u00fcn sah\u0259l\u0259rd\u0259 oldu\u011fu kimi \u00dcmummilli lider Heyd\u0259r \u018fliyevin Az\u0259rbaycan\u0131n  t\u0259bi\u0259tin\u0259 qay\u011f\u0131s\u0131 bir \u00f6vlad\u0131n anas\u0131na g\u00f6st\u0259rdiyi qay\u011f\u0131 q\u0259d\u0259r s\u0259mimi, t\u0259m\u0259nnas\u0131z olmu\u015fdur . \u00c7\u00fcnki \u0259sas ideya uzaqg\u00f6r\u0259n v\u0259 saf niyy\u0259t\u0259 xidm\u0259t etmi\u015f,  \u00f6lk\u0259mizd\u0259 ya\u015f\u0131lla\u015fd\u0131rma k\u00fctl&#8230;<\/p>\n","protected":false},"author":1,"featured_media":10542,"comment_status":"closed","ping_status":"closed","sticky":false,"template":"","format":"standard","meta":[],"categories":[5],"tags":[],"_links":{"self":[{"href":"https:\/\/keshikchidagh-heritage.az\/az\/wp-json\/wp\/v2\/posts\/10541"}],"collection":[{"href":"https:\/\/keshikchidagh-heritage.az\/az\/wp-json\/wp\/v2\/posts"}],"about":[{"href":"https:\/\/keshikchidagh-heritage.az\/az\/wp-json\/wp\/v2\/types\/post"}],"author":[{"embeddable":true,"href":"https:\/\/keshikchidagh-heritage.az\/az\/wp-json\/wp\/v2\/users\/1"}],"replies":[{"embeddable":true,"href":"https:\/\/keshikchidagh-heritage.az\/az\/wp-json\/wp\/v2\/comments?post=10541"}],"version-history":[{"count":2,"href":"https:\/\/keshikchidagh-heritage.az\/az\/wp-json\/wp\/v2\/posts\/10541\/revisions"}],"predecessor-version":[{"id":10554,"href":"https:\/\/keshikchidagh-heritage.az\/az\/wp-json\/wp\/v2\/posts\/10541\/revisions\/10554"}],"wp:featuredmedia":[{"embeddable":true,"href":"https:\/\/keshikchidagh-heritage.az\/az\/wp-json\/wp\/v2\/media\/10542"}],"wp:attachment":[{"href":"https:\/\/keshikchidagh-heritage.az\/az\/wp-json\/wp\/v2\/media?parent=10541"}],"wp:term":[{"taxonomy":"category","embeddable":true,"href":"https:\/\/keshikchidagh-heritage.az\/az\/wp-json\/wp\/v2\/categories?post=10541"},{"taxonomy":"post_tag","embeddable":true,"href":"https:\/\/keshikchidagh-heritage.az\/az\/wp-json\/wp\/v2\/tags?post=10541"}],"curies":[{"name":"wp","href":"https:\/\/api.w.org\/{rel}","templated":true}]}}